{"id":41376,"date":"2017-06-02T16:08:32","date_gmt":"2017-06-02T13:08:32","guid":{"rendered":"https:\/\/www.giurgiuveanul.ro\/stiri\/?p=41376"},"modified":"2017-06-02T18:21:39","modified_gmt":"2017-06-02T15:21:39","slug":"la-multi-ani-parinte-prof-dr-emil-nedelea-caramizaru","status":"publish","type":"post","link":"https:\/\/www.giurgiuveanul.ro\/stiri\/la-multi-ani-parinte-prof-dr-emil-nedelea-caramizaru\/","title":{"rendered":"La Mul\u0163i Ani, p\u0103rinte prof. Dr. Emil Nedelea C\u0103r\u0103mizaru!"},"content":{"rendered":"<p style=\"text-align: justify;\"><a href=\"https:\/\/www.giurgiuveanul.ro\/stiri\/wp-content\/uploads\/2017\/06\/caramizaru2-rzv.jpg\"><img loading=\"lazy\" decoding=\"async\" class=\"aligncenter size-large wp-image-41377\" src=\"https:\/\/www.giurgiuveanul.ro\/stiri\/wp-content\/uploads\/2017\/06\/caramizaru2-rzv-560x396.jpg\" alt=\"caramizaru2-rzv\" width=\"560\" height=\"396\" srcset=\"https:\/\/www.giurgiuveanul.ro\/stiri\/wp-content\/uploads\/2017\/06\/caramizaru2-rzv-560x396.jpg 560w, https:\/\/www.giurgiuveanul.ro\/stiri\/wp-content\/uploads\/2017\/06\/caramizaru2-rzv-250x177.jpg 250w, https:\/\/www.giurgiuveanul.ro\/stiri\/wp-content\/uploads\/2017\/06\/caramizaru2-rzv-400x283.jpg 400w, https:\/\/www.giurgiuveanul.ro\/stiri\/wp-content\/uploads\/2017\/06\/caramizaru2-rzv.jpg 800w\" sizes=\"auto, (max-width: 560px) 100vw, 560px\" \/><\/a>Cu ocazia zilei de na\u015ftere, <!--more-->redac\u0163ia cotidianului \u201eGiurgiuveanul\u201d transmite sincere felicit\u0103ri \u015fi g\u00e2nduri bune <strong>p\u0103rintelui prof. Dr. Emil Nedelea C\u0103r\u0103mizaru<\/strong>, un vrednic slujitor al lui Hristos, fost paroh al Catedralei \u201eAdormirea Maicii Domnului\u201d \u015fi director fondator al Seminarului Teologic \u201eTeoctist Patriarhul\u201d din Giurgiu, actualmente paroh al Bisericii Sf. Gheorghe Nou din Capital\u0103, de la kilometrul &#8222;0&#8221;.<\/p>\n<p style=\"text-align: justify;\"><a href=\"https:\/\/www.giurgiuveanul.ro\/stiri\/wp-content\/uploads\/2017\/06\/tortu.jpg\"><img loading=\"lazy\" decoding=\"async\" class=\"aligncenter size-large wp-image-41378\" src=\"https:\/\/www.giurgiuveanul.ro\/stiri\/wp-content\/uploads\/2017\/06\/tortu-560x384.jpg\" alt=\"tortu\" width=\"560\" height=\"384\" srcset=\"https:\/\/www.giurgiuveanul.ro\/stiri\/wp-content\/uploads\/2017\/06\/tortu-560x384.jpg 560w, https:\/\/www.giurgiuveanul.ro\/stiri\/wp-content\/uploads\/2017\/06\/tortu-250x172.jpg 250w, https:\/\/www.giurgiuveanul.ro\/stiri\/wp-content\/uploads\/2017\/06\/tortu-400x275.jpg 400w, https:\/\/www.giurgiuveanul.ro\/stiri\/wp-content\/uploads\/2017\/06\/tortu.jpg 800w\" sizes=\"auto, (max-width: 560px) 100vw, 560px\" \/><\/a><\/p>\n<p style=\"text-align: justify;\">Fie ca \u00eentotdeauna Dumnezeu\u00a0s\u0103-\u0219i reverse ne\u00eencetat Harul S\u0103u cel sf\u00e2nt, astfel \u00eenc\u00e2t \u0219i noi dimpreun\u0103 cu Preacucernicia Voastr\u0103 s\u0103 ne bucur\u0103m de darurile \u0219i bucuriile duhovnice\u0219ti, \u00eentru Iisus Hristos Domnul nostru.<\/p>\n<p style=\"text-align: justify;\"><a href=\"https:\/\/www.giurgiuveanul.ro\/stiri\/wp-content\/uploads\/2017\/06\/IMG-20170602-WA0006.jpg\"><img loading=\"lazy\" decoding=\"async\" class=\"aligncenter size-large wp-image-41394\" src=\"https:\/\/www.giurgiuveanul.ro\/stiri\/wp-content\/uploads\/2017\/06\/IMG-20170602-WA0006-309x450.jpg\" alt=\"IMG-20170602-WA0006\" width=\"309\" height=\"450\" srcset=\"https:\/\/www.giurgiuveanul.ro\/stiri\/wp-content\/uploads\/2017\/06\/IMG-20170602-WA0006-309x450.jpg 309w, https:\/\/www.giurgiuveanul.ro\/stiri\/wp-content\/uploads\/2017\/06\/IMG-20170602-WA0006-206x300.jpg 206w, https:\/\/www.giurgiuveanul.ro\/stiri\/wp-content\/uploads\/2017\/06\/IMG-20170602-WA0006-400x583.jpg 400w, https:\/\/www.giurgiuveanul.ro\/stiri\/wp-content\/uploads\/2017\/06\/IMG-20170602-WA0006.jpg 549w\" sizes=\"auto, (max-width: 309px) 100vw, 309px\" \/><\/a><\/p>\n<p style=\"text-align: justify;\">V\u0103 \u00eembr\u0103\u021bi\u0219\u0103m cu mult drag, ca pe un bun p\u0103rinte, pov\u0103\u021buitor \u0219i \u00een toate \u00eendrum\u0103tor \u015fi v\u0103 dorim s\u0103n\u0103tate, \u00eempliniri duhovnice\u015fti \u015fi putere \u00een slujirea Sfintei noastre Biserici!<\/p>\n<p style=\"text-align: center;\"><em>\u00centru Mul\u0163i \u015fi Binecuv\u00e2nta\u0163i Ani, P\u0103rinte Prof. Dr. Emil C\u0103r\u0103mizaru!<\/em><\/p>\n","protected":false},"excerpt":{"rendered":"<p>Cu ocazia zilei de na\u015ftere,<\/p>\n","protected":false},"author":1,"featured_media":0,"comment_status":"open","ping_status":"open","sticky":false,"template":"","format":"standard","meta":{"footnotes":""},"categories":[16],"tags":[],"class_list":["post-41376","post","type-post","status-publish","format-standard","hentry","category-astazi-e-ziua-ta"],"_links":{"self":[{"href":"https:\/\/www.giurgiuveanul.ro\/stiri\/wp-json\/wp\/v2\/posts\/41376","targetHints":{"allow":["GET"]}}],"collection":[{"href":"https:\/\/www.giurgiuveanul.ro\/stiri\/wp-json\/wp\/v2\/posts"}],"about":[{"href":"https:\/\/www.giurgiuveanul.ro\/stiri\/wp-json\/wp\/v2\/types\/post"}],"author":[{"embeddable":true,"href":"https:\/\/www.giurgiuveanul.ro\/stiri\/wp-json\/wp\/v2\/users\/1"}],"replies":[{"embeddable":true,"href":"https:\/\/www.giurgiuveanul.ro\/stiri\/wp-json\/wp\/v2\/comments?post=41376"}],"version-history":[{"count":0,"href":"https:\/\/www.giurgiuveanul.ro\/stiri\/wp-json\/wp\/v2\/posts\/41376\/revisions"}],"wp:attachment":[{"href":"https:\/\/www.giurgiuveanul.ro\/stiri\/wp-json\/wp\/v2\/media?parent=41376"}],"wp:term":[{"taxonomy":"category","embeddable":true,"href":"https:\/\/www.giurgiuveanul.ro\/stiri\/wp-json\/wp\/v2\/categories?post=41376"},{"taxonomy":"post_tag","embeddable":true,"href":"https:\/\/www.giurgiuveanul.ro\/stiri\/wp-json\/wp\/v2\/tags?post=41376"}],"curies":[{"name":"wp","href":"https:\/\/api.w.org\/{rel}","templated":true}]}}