{"id":41466,"date":"2017-06-04T17:34:12","date_gmt":"2017-06-04T14:34:12","guid":{"rendered":"https:\/\/www.giurgiuveanul.ro\/stiri\/?p=41466"},"modified":"2017-06-04T17:34:12","modified_gmt":"2017-06-04T14:34:12","slug":"lauda-familiei-2","status":"publish","type":"post","link":"https:\/\/www.giurgiuveanul.ro\/stiri\/lauda-familiei-2\/","title":{"rendered":"LAUD\u0102 FAMILIEI"},"content":{"rendered":"<p style=\"text-align: justify;\"><em><a href=\"https:\/\/www.giurgiuveanul.ro\/stiri\/wp-content\/uploads\/2017\/06\/images_ziar_2015_ianuarie_salcam.jpg\"><img loading=\"lazy\" decoding=\"async\" class=\"aligncenter size-large wp-image-41467\" src=\"https:\/\/www.giurgiuveanul.ro\/stiri\/wp-content\/uploads\/2017\/06\/images_ziar_2015_ianuarie_salcam-560x382.jpg\" alt=\"images_ziar_2015_ianuarie_salcam\" width=\"560\" height=\"382\" srcset=\"https:\/\/www.giurgiuveanul.ro\/stiri\/wp-content\/uploads\/2017\/06\/images_ziar_2015_ianuarie_salcam-560x382.jpg 560w, https:\/\/www.giurgiuveanul.ro\/stiri\/wp-content\/uploads\/2017\/06\/images_ziar_2015_ianuarie_salcam-250x171.jpg 250w, https:\/\/www.giurgiuveanul.ro\/stiri\/wp-content\/uploads\/2017\/06\/images_ziar_2015_ianuarie_salcam-400x273.jpg 400w, https:\/\/www.giurgiuveanul.ro\/stiri\/wp-content\/uploads\/2017\/06\/images_ziar_2015_ianuarie_salcam.jpg 630w\" sizes=\"auto, (max-width: 560px) 100vw, 560px\" \/><\/a>\u2026 &#8222;Din in\u0103l\u0163imea lui, <!--more-->salc\u00e2mul se clatin\u0103, se impotrivi, b\u0103l\u0103b\u0103nindu-se c\u00e2teva clipe, ca \u015fi c\u00e2nd n-ar fi vrut s\u0103 p\u0103r\u0103seasc\u0103 cerul, apoi deodat\u0103 porni spre p\u0103m\u00e2nt, st\u00e2rnind lini\u015ftea dimine\u0163ii ca o vijelie&#8230;&#8221;<\/em>\u00a0\u00a0 A\u015fa descrie\u00a0 \u00een romanul \u00a0Morome\u0163ii Marin Preda t\u0103ierea salc\u00e2mului.<\/p>\n<p style=\"text-align: justify;\">Dac\u0103 salc\u00e2mul lui Moromete a p\u0103r\u0103sit cu greu, \u015fi cu triste\u0163e, cerul existen\u0163ei sale, s\u0103 ap\u0103r\u0103m pe c\u00e2t putem\u00a0 copacul speran\u0163ei fiec\u0103ruia dintre noi. Altceva, pus \u00een loc, se prinde greu \u015fi n-avem siguran\u0163a c\u0103 mai\u00a0 apuc\u0103m s\u0103-i m\u00e2nc\u0103m fructele sau s\u0103 ne odihnim oasele la umbra lui. S\u0103 ne \u00eendrept\u0103m aten\u0163ia c\u0103tre copii. Ei, copiii, \u015fi o cit\u0103m cu pl\u0103cere pe o d\u0103sc\u0103li\u0163\u0103 mare iubitoare de copii, \u00a0sunt <em>fluviul cu cei mai mul\u0163i afluen\u0163i, minunea nicic\u00e2nd sec\u0103tuit\u0103&#8230; ging\u0103\u015fia, z\u00e2mbetul, acest soare al fiin\u0163ei omene\u015fti pe care-l vrem numai r\u0103s\u0103rit<\/em>.<\/p>\n<p style=\"text-align: justify;\">De vom avea c\u00e2t mai multe exemple de asemenea copii despre care s\u0103 scriem, de vor fi c\u00e2t mai multe familii care s\u0103 se preocupe cu asemenea dragoste \u015fi r\u0103spundere de copii, de vom avea c\u00e2t mai mul\u0163i seniori care s\u0103 dea m\u0103sur\u0103 bucuriei de bunic, n-avem a ne teme c\u0103 vreodat\u0103\u00a0 stejarul fiin\u0163ei noastre va fi dobor\u00e2t de vreo furtun\u0103!<\/p>\n<p style=\"text-align: justify;\">\u015ei totu\u015fi&#8230;<\/p>\n<p style=\"text-align: justify;\">Tot mai multe manifest\u0103ri , cu deosebire emisiuni tv., pun \u00een discu\u0163ie temeiurile familiei tradi\u0163ionale, de\u015fi societatea modern\u0103, cu toate frumuse\u0163ile ei, este \u00eentemeiat\u0103 pe FAMILIE!<\/p>\n<p style=\"text-align: justify;\">\u015ecoala, p\u0103rin\u0163ii, bunicii, noi to\u0163i avem datoria s\u0103 veghem ca ace\u015fti copii s\u0103 creasc\u0103 frumos! S\u0103 \u015ftie \u015fi s\u0103 simt\u0103 ce este iubirea de mam\u0103, de tat\u0103, de fra\u0163i, surori, rude, de neam \u015fi \u0163ar\u0103.<\/p>\n<p style=\"text-align: justify;\">Se sparie g\u00e2ndul,&#8230; \u015fi-ar \u00eencepe insemn\u0103rile cronicarul.<\/p>\n<p style=\"text-align: justify;\">S\u0103 fi intrat omenirea \u00eentr-un tunel care nu are la cap\u0103t un lic\u0103r de LUMIN\u0102?!<\/p>\n<p style=\"text-align: justify;\">\n<p style=\"text-align: justify;\"><em>Gh.C.Br.<\/em><\/p>\n","protected":false},"excerpt":{"rendered":"<p>\u2026 &#8222;Din in\u0103l\u0163imea lui,<\/p>\n","protected":false},"author":1,"featured_media":0,"comment_status":"open","ping_status":"open","sticky":false,"template":"","format":"standard","meta":{"footnotes":""},"categories":[21],"tags":[],"class_list":["post-41466","post","type-post","status-publish","format-standard","hentry","category-opinia-mea"],"_links":{"self":[{"href":"https:\/\/www.giurgiuveanul.ro\/stiri\/wp-json\/wp\/v2\/posts\/41466","targetHints":{"allow":["GET"]}}],"collection":[{"href":"https:\/\/www.giurgiuveanul.ro\/stiri\/wp-json\/wp\/v2\/posts"}],"about":[{"href":"https:\/\/www.giurgiuveanul.ro\/stiri\/wp-json\/wp\/v2\/types\/post"}],"author":[{"embeddable":true,"href":"https:\/\/www.giurgiuveanul.ro\/stiri\/wp-json\/wp\/v2\/users\/1"}],"replies":[{"embeddable":true,"href":"https:\/\/www.giurgiuveanul.ro\/stiri\/wp-json\/wp\/v2\/comments?post=41466"}],"version-history":[{"count":0,"href":"https:\/\/www.giurgiuveanul.ro\/stiri\/wp-json\/wp\/v2\/posts\/41466\/revisions"}],"wp:attachment":[{"href":"https:\/\/www.giurgiuveanul.ro\/stiri\/wp-json\/wp\/v2\/media?parent=41466"}],"wp:term":[{"taxonomy":"category","embeddable":true,"href":"https:\/\/www.giurgiuveanul.ro\/stiri\/wp-json\/wp\/v2\/categories?post=41466"},{"taxonomy":"post_tag","embeddable":true,"href":"https:\/\/www.giurgiuveanul.ro\/stiri\/wp-json\/wp\/v2\/tags?post=41466"}],"curies":[{"name":"wp","href":"https:\/\/api.w.org\/{rel}","templated":true}]}}