{"id":41476,"date":"2017-06-05T12:52:16","date_gmt":"2017-06-05T09:52:16","guid":{"rendered":"https:\/\/www.giurgiuveanul.ro\/stiri\/?p=41476"},"modified":"2017-06-05T12:52:16","modified_gmt":"2017-06-05T09:52:16","slug":"unde-esti-copilarie","status":"publish","type":"post","link":"https:\/\/www.giurgiuveanul.ro\/stiri\/unde-esti-copilarie\/","title":{"rendered":"Unde e\u015fti copil\u0103rie&#8230;"},"content":{"rendered":"<p style=\"text-align: justify;\"><a href=\"https:\/\/www.giurgiuveanul.ro\/stiri\/wp-content\/uploads\/2017\/06\/18839411_647743958758973_4359038532369668615_o.jpg\"><img loading=\"lazy\" decoding=\"async\" class=\"aligncenter size-large wp-image-41443\" src=\"https:\/\/www.giurgiuveanul.ro\/stiri\/wp-content\/uploads\/2017\/06\/18839411_647743958758973_4359038532369668615_o-560x410.jpg\" alt=\"18839411_647743958758973_4359038532369668615_o\" width=\"560\" height=\"410\" srcset=\"https:\/\/www.giurgiuveanul.ro\/stiri\/wp-content\/uploads\/2017\/06\/18839411_647743958758973_4359038532369668615_o-560x410.jpg 560w, https:\/\/www.giurgiuveanul.ro\/stiri\/wp-content\/uploads\/2017\/06\/18839411_647743958758973_4359038532369668615_o-250x183.jpg 250w, https:\/\/www.giurgiuveanul.ro\/stiri\/wp-content\/uploads\/2017\/06\/18839411_647743958758973_4359038532369668615_o-400x293.jpg 400w, https:\/\/www.giurgiuveanul.ro\/stiri\/wp-content\/uploads\/2017\/06\/18839411_647743958758973_4359038532369668615_o.jpg 2048w\" sizes=\"auto, (max-width: 560px) 100vw, 560px\" \/><\/a><strong>Ritualul C\u0103lu\u015fului<\/strong>, proclamat de c\u0103tre UNESCO \u201dCapodoper\u0103 a patrimoniului cultural imaterial al umanit\u0103\u0163ii\u201d \u00een 2005, <strong>colarezul<\/strong>, sau la gospod\u0103riile mai modeste <strong>p\u0103satul<\/strong>, m\u00e2ncat cu nesa\u0163 de Rusalii, <strong>c\u0103nile de lut <\/strong>legate cu<!--more--> cire\u015fi \u00eemp\u0103r\u0163ite cu bucurie\u00a0 de mama, sp\u0103latul pe picioare de c\u0103tre b\u00e2tr\u00e2nele satului a tuturor cetelor de copii care intrau pe poart\u0103, dintr-o c\u0103ldare mare a\u015fezat\u0103 pe bozii \u00een mijlocul cur\u0163ii, cu un codru de s\u0103pun ne\u00eenceput, sunt, al\u0103turi de colindatul din preziua Cr\u0103ciunului \u015fi c\u00e2ntatul Prohodului \u00een seara Deniilor, amintiri de evenimente pe care le a\u015fteptatm cu mare bucurie \u00een anii copil\u0103riei.<\/p>\n<p style=\"text-align: justify;\">Legarea c\u0103lu\u015fului, depunerea unui fel de jur\u0103m\u00e2nt de c\u0103tre c\u0103lu\u015fari \u00een zorii zilei,\u00a0 cu o zi \u00eenainte de Rusalii, \u015fi spargerea c\u0103lu\u015fului, deslegarea celor prin\u015fi \u00een c\u0103lu\u015f, f\u0103cut\u0103 la apusul soarelui \u00een a treia zi\u00a0 . erau momente la care eram \u0163inu\u0163i departe , aveau taina lor!. V\u0103tafii \u015fi mutul , precum \u015fi l\u0103utarii care \u00eenso\u0163eau alaiul, erau cunoscu\u0163ii cu mult timp \u00eenainte de oamenii satului.<\/p>\n<p style=\"text-align: justify;\">Punerea c\u0103lu\u015fului, era de fapt primirea c\u0103lu\u015farilor,\u00a0 se f\u00eecea cu por\u0163ile larg deschise pentru\u00a0 ca bucuria s\u0103 fie a tuturor, mai ales a copiilor!<\/p>\n<p style=\"text-align: justify;\">C\u0103lu\u015farii nu \u00eencepeau s\u0103 joace p\u00e2n\u0103 curtea nu era plin\u0103, p\u00e2n\u0103 nu intra tot alaiul.Repertoriul, repetat aproape invariabil la toate gospod\u0103riile , era format din: <em>C\u0103lu\u015ful,<\/em> <em>Banul M\u0103r\u0103cine<\/em> \u015fi <em>Resteul.<\/em><\/p>\n<p style=\"text-align: justify;\">Ritmul dansului, \u00een toate trei, era ame\u0163itor! De\u015fi vedea cela\u015fi lucru, alaiul c\u0103lu\u015fului\u00a0 urm\u0103rea c\u0103lu\u015farii \u00een toate cele trei zile. G\u0103leata cu ap\u0103 proasp\u0103t\u0103, bolovanul de sare \u015fi dou\u0103-trei leg\u0103turi de usturoi verde constituiau recuzita cu care fiecare gospod\u0103rie trebuia s\u0103 fie preg\u0103tit\u0103.<\/p>\n<p style=\"text-align: justify;\">\u00centrase \u00een tradi\u0163ia satului ca. \u00een a treia zi de Rusalii, la o anumit\u0103 familie\u00a0 c\u0103lu\u015farii s\u0103 prezinte <em>R\u0102ZBOIUL<\/em>, un spectacol cu o regie care nu impunea repeti\u0163ii \u00eenainte \u015fi cu semnifica\u0163ii explicate foarte diferit de sat. Cert este c\u0103, dup\u0103 acest mic <em>r\u0103zboi<\/em>, se a\u015fternea linui\u015ftea peste sat.<\/p>\n<p style=\"text-align: justify;\">De a patra \u00a0zi, grijile oamenilor erau altele. Multe erau de f\u0103cut la c\u00e2mp.<\/p>\n<p style=\"text-align: justify;\">\u00cen timpul despre care vorbesc ascultam , la galene, stirile la un aparat de radio confec\u0163ionat \u00een cas\u0103 la care priceperea mare era s\u0103 prinzi postul cu ajutorul unei s\u00e2rmuli\u0163e pe un cristal.<\/p>\n<p style=\"text-align: justify;\">Anii au trecut&#8230;<\/p>\n<p style=\"text-align: justify;\">Tr\u0103im \u00eentr-o epoc\u0103 foarte gr\u0103bit\u0103. Posibilt\u0103\u0163ile de comunicare te fac s\u0103 tr\u0103ie\u015fti \u00een timp real locuri, evenimente, situa\u0163ii la care nici cu imagina\u0163ia nu puteai ajunge cu ceva timp \u00een urm\u0103. Nu numai timpul se scurge mai repede, senza\u0163ie m\u0103rturisit\u0103 de mul\u0163i oameni, ci \u015fi distan\u0163ele parc\u0103 sunt mai mici! P\u0103m\u00e2ntul pare prea mic pentru dorin\u0163a omului de a c\u0103l\u0103tori c\u00e2t mai mult! \u00a0Pe Marte\u00a0 or ajunge c\u0103lu\u015fari!? Pe c\u00e2nd o nunt\u0103 a unor p\u0103m\u00e2nteni oficiat\u0103, \u00een direct, pe Marte?<\/p>\n<p style=\"text-align: justify;\">Este o nebunie, un vis sau o a\u015fteptare? Nu \u015ftiu ce s\u0103 zic&#8230;<\/p>\n<p style=\"text-align: justify;\">\n<p style=\"text-align: center;\"><strong><em>Prof.Gh.C.Br.<\/em><\/strong><\/p>\n","protected":false},"excerpt":{"rendered":"<p>Ritualul C\u0103lu\u015fului, proclamat de c\u0103tre UNESCO \u201dCapodoper\u0103 a patrimoniului cultural imaterial al umanit\u0103\u0163ii\u201d \u00een 2005, colarezul, sau la gospod\u0103riile mai modeste p\u0103satul, m\u00e2ncat cu nesa\u0163 de Rusalii, c\u0103nile de lut legate cu<\/p>\n","protected":false},"author":1,"featured_media":0,"comment_status":"open","ping_status":"open","sticky":false,"template":"","format":"standard","meta":{"footnotes":""},"categories":[21],"tags":[],"class_list":["post-41476","post","type-post","status-publish","format-standard","hentry","category-opinia-mea"],"_links":{"self":[{"href":"https:\/\/www.giurgiuveanul.ro\/stiri\/wp-json\/wp\/v2\/posts\/41476","targetHints":{"allow":["GET"]}}],"collection":[{"href":"https:\/\/www.giurgiuveanul.ro\/stiri\/wp-json\/wp\/v2\/posts"}],"about":[{"href":"https:\/\/www.giurgiuveanul.ro\/stiri\/wp-json\/wp\/v2\/types\/post"}],"author":[{"embeddable":true,"href":"https:\/\/www.giurgiuveanul.ro\/stiri\/wp-json\/wp\/v2\/users\/1"}],"replies":[{"embeddable":true,"href":"https:\/\/www.giurgiuveanul.ro\/stiri\/wp-json\/wp\/v2\/comments?post=41476"}],"version-history":[{"count":0,"href":"https:\/\/www.giurgiuveanul.ro\/stiri\/wp-json\/wp\/v2\/posts\/41476\/revisions"}],"wp:attachment":[{"href":"https:\/\/www.giurgiuveanul.ro\/stiri\/wp-json\/wp\/v2\/media?parent=41476"}],"wp:term":[{"taxonomy":"category","embeddable":true,"href":"https:\/\/www.giurgiuveanul.ro\/stiri\/wp-json\/wp\/v2\/categories?post=41476"},{"taxonomy":"post_tag","embeddable":true,"href":"https:\/\/www.giurgiuveanul.ro\/stiri\/wp-json\/wp\/v2\/tags?post=41476"}],"curies":[{"name":"wp","href":"https:\/\/api.w.org\/{rel}","templated":true}]}}