{"id":41546,"date":"2017-06-07T10:13:50","date_gmt":"2017-06-07T07:13:50","guid":{"rendered":"https:\/\/www.giurgiuveanul.ro\/stiri\/?p=41546"},"modified":"2017-06-07T10:13:50","modified_gmt":"2017-06-07T07:13:50","slug":"dreptul-la-timp","status":"publish","type":"post","link":"https:\/\/www.giurgiuveanul.ro\/stiri\/dreptul-la-timp\/","title":{"rendered":"Dreptul la timp\u2026"},"content":{"rendered":"<p style=\"text-align: justify;\"><a href=\"https:\/\/www.giurgiuveanul.ro\/stiri\/wp-content\/uploads\/2017\/06\/Neintitulat.jpg\"><img loading=\"lazy\" decoding=\"async\" class=\"aligncenter size-large wp-image-41547\" src=\"https:\/\/www.giurgiuveanul.ro\/stiri\/wp-content\/uploads\/2017\/06\/Neintitulat-560x314.jpg\" alt=\"Neintitulat\" width=\"560\" height=\"314\" srcset=\"https:\/\/www.giurgiuveanul.ro\/stiri\/wp-content\/uploads\/2017\/06\/Neintitulat-560x314.jpg 560w, https:\/\/www.giurgiuveanul.ro\/stiri\/wp-content\/uploads\/2017\/06\/Neintitulat-250x140.jpg 250w, https:\/\/www.giurgiuveanul.ro\/stiri\/wp-content\/uploads\/2017\/06\/Neintitulat-400x224.jpg 400w, https:\/\/www.giurgiuveanul.ro\/stiri\/wp-content\/uploads\/2017\/06\/Neintitulat.jpg 800w\" sizes=\"auto, (max-width: 560px) 100vw, 560px\" \/><\/a>R\u0103spunz\u00e2nd pe Facebook unei eleve, s\u0103-i zicem <!--more-->Beatrice, de\u015fi ar fi sunat mai altfel Ileana, Maria, Ioana, elev\u0103 a unui liceu de renume din \u0163ar\u0103, \u00eei spuneam:<\/p>\n<p style=\"text-align: justify;\"><strong><em>&#8211; Dreptul la timp il are fiecare genera\u0163ie! Fiecare are dreptul s\u0103-\u015fi zic\u0103: -Pe timpul nostru&#8230;. Voi, Beatrice, a\u0163i f\u0103cut mai mult.V-a\u0163i inst\u0103p\u00e2nit timpul vostru \u015fi l-a\u0163i introdus \u00een poveste! Felicit\u0103ri!<\/em><\/strong><\/p>\n<p style=\"text-align: justify;\">Mi-au venit apoi \u00een minte dou\u0103 fapte care puteau c\u0103p\u0103ta acela\u015fi r\u0103spuns:<\/p>\n<p style=\"text-align: justify;\">Anul trecut, la \u00eent\u00e2lnirea Promo\u0163iei 1954, cu 11 clase, trei eleve de la Liceul <em>Ion Maiorescu<\/em> Giurgiu, V.A., I.S. \u015fi D.D.,invitate la activitatea noastr\u0103, f\u0103c\u00e2nd parc\u0103 repeti\u0163ie pentru examenul de bacalaureat la proba\u00a0 COMPETEN\u0162A LINGVISTIC\u0102 la LIMBA ROM\u00c2N\u0102, cu citate din poezia lui Anatol Codru \u015fi cu un deosebit talent oratoric, au f\u0103cut din momentul respectiv o frumoas\u0103 poveste\u00a0 a\u00a0 angaj\u0103rii genera\u0163iei lor \u00een timpul pe care-l tr\u0103iesc!<\/p>\n<p style=\"text-align: justify;\">M-am trezit zic\u00e2nd: <em>&#8211; Bune r\u0103u!.<\/em><\/p>\n<p style=\"text-align: justify;\">\u00cen copil\u0103rie, f\u0103r\u0103 s\u0103 \u015ftiu c\u0103 realizez un superlativ oximoronic,\u00a0 spuneam despre o m\u00e2ncare c\u0103\u00a0 este <em>bun\u0103 r\u0103u<\/em>, despre un pepene c\u0103 este <em>dulce r\u0103u!<\/em><\/p>\n<p style=\"text-align: justify;\">Tot la \u015fcoala amintit\u0103 am auzit expresia <em>elevi r\u0103i de buni!<\/em><\/p>\n<p style=\"text-align: justify;\">Retrospectiv, g\u00e2ndindu-m\u0103 la Liceul<em> Ion Maiorescu,<\/em> trebuie s\u0103 spun . \u015fi f\u0103r\u0103 nici cea mai mic\u0103 ironie,\u00a0 c\u0103 a dat \u00een timp elevi <em>r\u0103i de buni!<\/em><\/p>\n<p style=\"text-align: justify;\">Ce frumoas\u0103 este\u00a0 LIMBA ROM\u00c2N\u0102!<\/p>\n<p style=\"text-align: justify;\">La proba dat\u0103 ieri, elevii au in\u0163eles c\u0103 acest lucru trebuia s\u0103-l argumenteze.<\/p>\n<p style=\"text-align: center;\"><strong>Prof. Gh.C.Br.<\/strong><\/p>\n","protected":false},"excerpt":{"rendered":"<p>R\u0103spunz\u00e2nd pe Facebook unei eleve, s\u0103-i zicem<\/p>\n","protected":false},"author":1,"featured_media":0,"comment_status":"open","ping_status":"open","sticky":false,"template":"","format":"standard","meta":{"footnotes":""},"categories":[21],"tags":[],"class_list":["post-41546","post","type-post","status-publish","format-standard","hentry","category-opinia-mea"],"_links":{"self":[{"href":"https:\/\/www.giurgiuveanul.ro\/stiri\/wp-json\/wp\/v2\/posts\/41546","targetHints":{"allow":["GET"]}}],"collection":[{"href":"https:\/\/www.giurgiuveanul.ro\/stiri\/wp-json\/wp\/v2\/posts"}],"about":[{"href":"https:\/\/www.giurgiuveanul.ro\/stiri\/wp-json\/wp\/v2\/types\/post"}],"author":[{"embeddable":true,"href":"https:\/\/www.giurgiuveanul.ro\/stiri\/wp-json\/wp\/v2\/users\/1"}],"replies":[{"embeddable":true,"href":"https:\/\/www.giurgiuveanul.ro\/stiri\/wp-json\/wp\/v2\/comments?post=41546"}],"version-history":[{"count":0,"href":"https:\/\/www.giurgiuveanul.ro\/stiri\/wp-json\/wp\/v2\/posts\/41546\/revisions"}],"wp:attachment":[{"href":"https:\/\/www.giurgiuveanul.ro\/stiri\/wp-json\/wp\/v2\/media?parent=41546"}],"wp:term":[{"taxonomy":"category","embeddable":true,"href":"https:\/\/www.giurgiuveanul.ro\/stiri\/wp-json\/wp\/v2\/categories?post=41546"},{"taxonomy":"post_tag","embeddable":true,"href":"https:\/\/www.giurgiuveanul.ro\/stiri\/wp-json\/wp\/v2\/tags?post=41546"}],"curies":[{"name":"wp","href":"https:\/\/api.w.org\/{rel}","templated":true}]}}