{"id":41783,"date":"2017-06-13T08:25:55","date_gmt":"2017-06-13T05:25:55","guid":{"rendered":"https:\/\/www.giurgiuveanul.ro\/stiri\/?p=41783"},"modified":"2017-06-13T08:25:55","modified_gmt":"2017-06-13T05:25:55","slug":"palavrageala","status":"publish","type":"post","link":"https:\/\/www.giurgiuveanul.ro\/stiri\/palavrageala\/","title":{"rendered":"P\u0103l\u0103vr\u0103geala"},"content":{"rendered":"<p style=\"text-align: justify;\"><strong><a href=\"https:\/\/www.giurgiuveanul.ro\/stiri\/wp-content\/uploads\/2017\/06\/Neintitulat1.png\"><img loading=\"lazy\" decoding=\"async\" class=\"aligncenter size-large wp-image-41784\" src=\"https:\/\/www.giurgiuveanul.ro\/stiri\/wp-content\/uploads\/2017\/06\/Neintitulat1-450x450.png\" alt=\"Neintitulat\" width=\"450\" height=\"450\" srcset=\"https:\/\/www.giurgiuveanul.ro\/stiri\/wp-content\/uploads\/2017\/06\/Neintitulat1-450x450.png 450w, https:\/\/www.giurgiuveanul.ro\/stiri\/wp-content\/uploads\/2017\/06\/Neintitulat1-250x250.png 250w, https:\/\/www.giurgiuveanul.ro\/stiri\/wp-content\/uploads\/2017\/06\/Neintitulat1-200x200.png 200w, https:\/\/www.giurgiuveanul.ro\/stiri\/wp-content\/uploads\/2017\/06\/Neintitulat1-400x400.png 400w, https:\/\/www.giurgiuveanul.ro\/stiri\/wp-content\/uploads\/2017\/06\/Neintitulat1.png 700w\" sizes=\"auto, (max-width: 450px) 100vw, 450px\" \/><\/a>Scriam cu ani\u00a0 \u00een urm\u0103:<\/strong><!--more--> <strong><em>C\u00e2nd, \u00een 1902, a scris articolul Oratori, retori \u015fi limbu\u0163i\u00bb, Titu Maiorescu avea \u00een spate o experien\u0163\u0103 de aproape 30 de ani de parlamentar. Domeniul ii era nu doar cunoscut, ci familiar. In 1873, evalu\u00e2nd presa vremii sale, se ar\u0103ta ingrijorat de ceea ce cite\u015fte, \u015fi scrie \u00abBe\u0163ia de cuvinte\u00bb, studiu de patologie literar\u0103, iar in 1902, dup\u0103 o confruntare \u00eendelungat\u0103 cu politicienii timpului, Titu Maiorescu era in m\u0103sur\u0103\u00a0 s\u0103 consulte \u015fi s\u0103 dea diagnostice. A\u015fa s-a n\u0103scut la inceputul secolului XX diagnoza potrivit c\u0103reia: \u00abOratorul vorbe\u015fte pentru a spune ceva, retorul pentru a se auzi, limbutul pentru a vorbi\u00bb.<\/em><\/strong> <strong>\u00a0<\/strong><\/p>\n<p style=\"text-align: justify;\"><strong>Nu a\u015f fi revenit asupra problemei, dac\u0103 nu a\u015f fi primit un comentariu la o tablet\u0103, Giurgiuveanul , 10 iunie 2017, \u00een care\u00a0 Marian \u00eemi scria:<\/strong><\/p>\n<p style=\"text-align: justify;\"><strong>\u00a0<em>&#8211; Ce mult\u0103 dreptate ave\u0163i&#8230;avem o limb\u0103 rom\u00e2n\u0103 frumoas\u0103, dar mai ESTE ! UNII\u00a0 care \u00eencearc\u0103 s\u0103 o foloseasc\u0103 dup\u0103 bunul plac \u015fi asta deranjeaz\u0103!<\/em><\/strong><\/p>\n<p style=\"text-align: justify;\"><strong>\u00cen\u0163eleg\u00e2ndu-i ironia,\u00a0 prin dezacordul\u00a0 voit strecurat, se impun c\u00e2teva l\u0103muriri.<\/strong><\/p>\n<p style=\"text-align: justify;\"><strong>Nu , limba nu o folosim dup\u0103 BUNUL NOSTRU PLAC, ci o vorbim corect, este datoria noastr\u0103, sau nu! \u015ei, tot vine 15 iunie, EMINESCU\u00a0 afirma c\u0103 LIMBA ESTE ST\u0102P\u00c2NA NOASTR\u0102 \u015eI NU NOI ST\u0102P\u00c2NII LIMBII!<\/strong><\/p>\n<p style=\"text-align: justify;\"><strong>A descoperi frumuse\u0163ea limbii \u00eenseamn\u0103 a <em>g\u0103si totdeauna cuv\u00e2ntul ce exprim\u0103 adev\u0103rul<\/em>. Ca principal mijloc de comunicare limba exprim\u0103 \u015fi TE exprim\u0103! <\/strong><\/p>\n<p style=\"text-align: justify;\"><strong>Parafraz\u00e2nd un proverb, zicem \u015fi noi:- Vorbe\u015fte-mi \u015fi-\u0163i spun cine e\u015fti.<\/strong><\/p>\n<p style=\"text-align: justify;\"><strong>O constatare: limba rom\u00e2n\u0103 are foarte multe sinonime pentru cuv\u00e2ntul <em>p\u0103l\u0103vr\u0103geal\u0103<\/em>. Dac\u0103 nu ar fi avut nevoie de nuan\u0163are, multe dntre ele ar fi fost date uit\u0103rii<\/strong><\/p>\n<p style=\"text-align: justify;\"><strong>Sunt mul\u0163i telespectatori care nu au citit articolul lui Titu Maiorescu, dar se arat\u0103 intriga\u0163i c\u00e2nd, sear\u0103 de sear\u0103 la televizor, asist\u0103 la emisiuni \u00een care se vorbe\u015fte mult \u015fi se spune pu\u0163in.<\/strong><\/p>\n<p style=\"text-align: justify;\"><strong>S\u0103 fie bunul plac despre care vorbe\u015fte partenerul meu de dialog alegerea variantelor sinonimice ale\u00a0 p\u0103l\u0103vr\u0103gelii, ori neputin\u0163a unor cronofagi de a \u015fti c\u00e2nd s\u0103 se opreasc\u0103.<\/strong><\/p>\n<p style=\"text-align: justify;\"><strong>Se \u015ftie c\u0103 \u0163i se d\u0103 cuv\u00e2ntul potrivit unui program, dar a \u015fti c\u00e2nd s\u0103 te opre\u015fti depinde de tine.<\/strong><\/p>\n<p style=\"text-align: justify;\"><strong>Se spune \u00een ultimul timp c\u0103 CINEVA AR FI PIERDUT OCAZIA S\u0102 TAC\u0102.<\/strong><\/p>\n<p style=\"text-align: justify;\"><strong>De multe ori, \u00een fa\u0163a unui guraliv, este bine s\u0103 taci!<\/strong><\/p>\n<p style=\"text-align: justify;\"><strong>\u015ei t\u0103cerea se \u00eenva\u0163\u0103! Paradoxal, uneori este mai greu s\u0103 taci!<\/strong><\/p>\n<p style=\"text-align: justify;\"><strong>Dup\u0103 Eminescu, la noi s-a vorbit altfel!\u00a0 Mai frumos!<\/strong><\/p>\n<p style=\"text-align: center;\"><em><strong>Prof. Gh. Calot\u0103, \u00a0Br.<\/strong><\/em><\/p>\n","protected":false},"excerpt":{"rendered":"<p>Scriam cu ani\u00a0 \u00een urm\u0103:<\/p>\n","protected":false},"author":1,"featured_media":0,"comment_status":"open","ping_status":"open","sticky":false,"template":"","format":"standard","meta":{"footnotes":""},"categories":[21],"tags":[],"class_list":["post-41783","post","type-post","status-publish","format-standard","hentry","category-opinia-mea"],"_links":{"self":[{"href":"https:\/\/www.giurgiuveanul.ro\/stiri\/wp-json\/wp\/v2\/posts\/41783","targetHints":{"allow":["GET"]}}],"collection":[{"href":"https:\/\/www.giurgiuveanul.ro\/stiri\/wp-json\/wp\/v2\/posts"}],"about":[{"href":"https:\/\/www.giurgiuveanul.ro\/stiri\/wp-json\/wp\/v2\/types\/post"}],"author":[{"embeddable":true,"href":"https:\/\/www.giurgiuveanul.ro\/stiri\/wp-json\/wp\/v2\/users\/1"}],"replies":[{"embeddable":true,"href":"https:\/\/www.giurgiuveanul.ro\/stiri\/wp-json\/wp\/v2\/comments?post=41783"}],"version-history":[{"count":0,"href":"https:\/\/www.giurgiuveanul.ro\/stiri\/wp-json\/wp\/v2\/posts\/41783\/revisions"}],"wp:attachment":[{"href":"https:\/\/www.giurgiuveanul.ro\/stiri\/wp-json\/wp\/v2\/media?parent=41783"}],"wp:term":[{"taxonomy":"category","embeddable":true,"href":"https:\/\/www.giurgiuveanul.ro\/stiri\/wp-json\/wp\/v2\/categories?post=41783"},{"taxonomy":"post_tag","embeddable":true,"href":"https:\/\/www.giurgiuveanul.ro\/stiri\/wp-json\/wp\/v2\/tags?post=41783"}],"curies":[{"name":"wp","href":"https:\/\/api.w.org\/{rel}","templated":true}]}}