{"id":41831,"date":"2017-06-13T19:51:27","date_gmt":"2017-06-13T16:51:27","guid":{"rendered":"https:\/\/www.giurgiuveanul.ro\/stiri\/?p=41831"},"modified":"2017-06-13T19:51:58","modified_gmt":"2017-06-13T16:51:58","slug":"la-multi-ani-domnule-senator-cristian-marciu","status":"publish","type":"post","link":"https:\/\/www.giurgiuveanul.ro\/stiri\/la-multi-ani-domnule-senator-cristian-marciu\/","title":{"rendered":"La Mul\u0163i Ani, domnule senator Cristian Marciu!"},"content":{"rendered":"<p style=\"text-align: justify;\"><a href=\"https:\/\/www.giurgiuveanul.ro\/stiri\/wp-content\/uploads\/2017\/06\/marciu.jpg\"><img loading=\"lazy\" decoding=\"async\" class=\"aligncenter size-large wp-image-41832\" src=\"https:\/\/www.giurgiuveanul.ro\/stiri\/wp-content\/uploads\/2017\/06\/marciu-560x371.jpg\" alt=\"marciu\" width=\"560\" height=\"371\" srcset=\"https:\/\/www.giurgiuveanul.ro\/stiri\/wp-content\/uploads\/2017\/06\/marciu-560x371.jpg 560w, https:\/\/www.giurgiuveanul.ro\/stiri\/wp-content\/uploads\/2017\/06\/marciu-250x166.jpg 250w, https:\/\/www.giurgiuveanul.ro\/stiri\/wp-content\/uploads\/2017\/06\/marciu-400x265.jpg 400w, https:\/\/www.giurgiuveanul.ro\/stiri\/wp-content\/uploads\/2017\/06\/marciu.jpg 800w\" sizes=\"auto, (max-width: 560px) 100vw, 560px\" \/><\/a>Ast\u0103zi, domnul senator Cristian Marciu \u00eempline\u015fte<!--more--> o frumoas\u0103 v\u00e2rst\u0103, ocazie cu care \u00eei dorim s\u0103 fie a\u015fa cum \u00eel cunoa\u015ftem, al\u0103turi de oameni, hot\u0103r\u00e2t \u015fi implicat \u00een comunitate!<\/p>\n<p style=\"text-align: justify;\">Cristian Marciu este politicianul care are u\u015fa deschis\u0103 pentru giurgiuveni \u015fi care reu\u015fe\u015fte mereu s\u0103 dea \u00eencredere!<\/p>\n<p style=\"text-align: justify;\">Ne al\u0103tur\u0103m celor care \u00eei doresc omului \u015fi politicianului Cristian Marciu mult\u0103 s\u0103n\u0103tate \u015fi la multe, multe realiz\u0103ri pe plan politic \u015fi \u00een via\u0163a privat\u0103.<\/p>\n<p style=\"text-align: justify;\">La Mul\u0163i Ani, domnule senator!<\/p>\n","protected":false},"excerpt":{"rendered":"<p>Ast\u0103zi, domnul senator Cristian Marciu \u00eempline\u015fte<\/p>\n","protected":false},"author":1,"featured_media":0,"comment_status":"open","ping_status":"open","sticky":false,"template":"","format":"standard","meta":{"footnotes":""},"categories":[16],"tags":[],"class_list":["post-41831","post","type-post","status-publish","format-standard","hentry","category-astazi-e-ziua-ta"],"_links":{"self":[{"href":"https:\/\/www.giurgiuveanul.ro\/stiri\/wp-json\/wp\/v2\/posts\/41831","targetHints":{"allow":["GET"]}}],"collection":[{"href":"https:\/\/www.giurgiuveanul.ro\/stiri\/wp-json\/wp\/v2\/posts"}],"about":[{"href":"https:\/\/www.giurgiuveanul.ro\/stiri\/wp-json\/wp\/v2\/types\/post"}],"author":[{"embeddable":true,"href":"https:\/\/www.giurgiuveanul.ro\/stiri\/wp-json\/wp\/v2\/users\/1"}],"replies":[{"embeddable":true,"href":"https:\/\/www.giurgiuveanul.ro\/stiri\/wp-json\/wp\/v2\/comments?post=41831"}],"version-history":[{"count":0,"href":"https:\/\/www.giurgiuveanul.ro\/stiri\/wp-json\/wp\/v2\/posts\/41831\/revisions"}],"wp:attachment":[{"href":"https:\/\/www.giurgiuveanul.ro\/stiri\/wp-json\/wp\/v2\/media?parent=41831"}],"wp:term":[{"taxonomy":"category","embeddable":true,"href":"https:\/\/www.giurgiuveanul.ro\/stiri\/wp-json\/wp\/v2\/categories?post=41831"},{"taxonomy":"post_tag","embeddable":true,"href":"https:\/\/www.giurgiuveanul.ro\/stiri\/wp-json\/wp\/v2\/tags?post=41831"}],"curies":[{"name":"wp","href":"https:\/\/api.w.org\/{rel}","templated":true}]}}