{"id":41855,"date":"2017-06-14T09:25:46","date_gmt":"2017-06-14T06:25:46","guid":{"rendered":"https:\/\/www.giurgiuveanul.ro\/stiri\/?p=41855"},"modified":"2017-06-14T09:27:42","modified_gmt":"2017-06-14T06:27:42","slug":"s-a-redeschis-strandul-faro-din-portul-giurgiu-hai-la-balaceala-foto","status":"publish","type":"post","link":"https:\/\/www.giurgiuveanul.ro\/stiri\/s-a-redeschis-strandul-faro-din-portul-giurgiu-hai-la-balaceala-foto\/","title":{"rendered":"S-a redeschis \u0219trandul \u201eFaro\u201d din Portul Giurgiu! Hai la b\u0103l\u0103ceal\u0103! (FOTO)"},"content":{"rendered":"<p style=\"text-align: justify;\"><strong><a href=\"https:\/\/www.giurgiuveanul.ro\/stiri\/wp-content\/uploads\/2017\/06\/IMG_5697.jpg\"><img loading=\"lazy\" decoding=\"async\" class=\"aligncenter size-large wp-image-41856\" src=\"https:\/\/www.giurgiuveanul.ro\/stiri\/wp-content\/uploads\/2017\/06\/IMG_5697-560x386.jpg\" alt=\"IMG_5697\" width=\"560\" height=\"386\" srcset=\"https:\/\/www.giurgiuveanul.ro\/stiri\/wp-content\/uploads\/2017\/06\/IMG_5697-560x386.jpg 560w, https:\/\/www.giurgiuveanul.ro\/stiri\/wp-content\/uploads\/2017\/06\/IMG_5697-250x173.jpg 250w, https:\/\/www.giurgiuveanul.ro\/stiri\/wp-content\/uploads\/2017\/06\/IMG_5697-400x276.jpg 400w, https:\/\/www.giurgiuveanul.ro\/stiri\/wp-content\/uploads\/2017\/06\/IMG_5697.jpg 800w\" sizes=\"auto, (max-width: 560px) 100vw, 560px\" \/><\/a>Apa, soarele \u015fi voia bun\u0103 nu sunt doar pe Litoral&#8230; ci \u015fi \u00een <!--more-->Portul Giurgiu, la \u015ftrandul \u201eFaro\u201d, din cadrul Complexului \u201ePerla\u201d!<\/strong><\/p>\n<p style=\"text-align: justify;\">Cine nu ajunge la mare zilele acestea, are unde s\u0103 se bucure de atmosfera estival\u0103; \u015ftrandul Faro\u201d s-a redeschis de c\u00e2teva zile!<\/p>\n<p style=\"text-align: justify;\"><a href=\"https:\/\/www.giurgiuveanul.ro\/stiri\/wp-content\/uploads\/2017\/06\/IMG_5699.jpg\"><img loading=\"lazy\" decoding=\"async\" class=\"aligncenter size-large wp-image-41857\" src=\"https:\/\/www.giurgiuveanul.ro\/stiri\/wp-content\/uploads\/2017\/06\/IMG_5699-560x366.jpg\" alt=\"IMG_5699\" width=\"560\" height=\"366\" srcset=\"https:\/\/www.giurgiuveanul.ro\/stiri\/wp-content\/uploads\/2017\/06\/IMG_5699-560x366.jpg 560w, https:\/\/www.giurgiuveanul.ro\/stiri\/wp-content\/uploads\/2017\/06\/IMG_5699-250x163.jpg 250w, https:\/\/www.giurgiuveanul.ro\/stiri\/wp-content\/uploads\/2017\/06\/IMG_5699-400x262.jpg 400w, https:\/\/www.giurgiuveanul.ro\/stiri\/wp-content\/uploads\/2017\/06\/IMG_5699.jpg 800w\" sizes=\"auto, (max-width: 560px) 100vw, 560px\" \/><\/a><\/p>\n<p style=\"text-align: justify;\">Pre\u0163urile sunt acelea\u015fi ca \u015fi anul trecut, respectiv 15 lei de persoan\u0103, \u00een cursul s\u0103pt\u0103m\u00e2nii, \u015fi 20 de lei \u00een weekend!<\/p>\n<p style=\"text-align: justify;\">\u201eFaro\u201d are dou\u0103 bazine, unul pentru copii \u015fi altul pentru adul\u0163i, du\u015furi, \u015fezlonguri, baldachine, bar, cafenea&#8230; \u015fi cea mai mare plaj\u0103 cu nisip din ora\u015f!<\/p>\n<p style=\"text-align: justify;\"><a href=\"https:\/\/www.giurgiuveanul.ro\/stiri\/wp-content\/uploads\/2017\/06\/IMG_5700.jpg\"><img loading=\"lazy\" decoding=\"async\" class=\"aligncenter size-large wp-image-41858\" src=\"https:\/\/www.giurgiuveanul.ro\/stiri\/wp-content\/uploads\/2017\/06\/IMG_5700-560x419.jpg\" alt=\"IMG_5700\" width=\"560\" height=\"419\" srcset=\"https:\/\/www.giurgiuveanul.ro\/stiri\/wp-content\/uploads\/2017\/06\/IMG_5700-560x419.jpg 560w, https:\/\/www.giurgiuveanul.ro\/stiri\/wp-content\/uploads\/2017\/06\/IMG_5700-250x187.jpg 250w, https:\/\/www.giurgiuveanul.ro\/stiri\/wp-content\/uploads\/2017\/06\/IMG_5700-400x299.jpg 400w, https:\/\/www.giurgiuveanul.ro\/stiri\/wp-content\/uploads\/2017\/06\/IMG_5700.jpg 800w\" sizes=\"auto, (max-width: 560px) 100vw, 560px\" \/><\/a><\/p>\n<p style=\"text-align: justify;\">Copiii sunt r\u0103sf\u0103\u0163a\u0163i cu un bazin pe m\u0103sura lor \u015fi se pot r\u0103cori la toboganele care \u00eei proiecteaz\u0103 \u00een piscin\u0103!<\/p>\n<p style=\"text-align: justify;\">Tot aici a fost amenajat un chio\u015fc alimentar \u015fi un spa\u0163iu de joac\u0103 pentru copii, au fost reamenajate aleile de leg\u0103tur\u0103 \u015fi a fost dotat \u00a0cu mobilier nou.<\/p>\n<p style=\"text-align: justify;\"><em>A\u015fadar, nu sta-n cas\u0103 sup\u0103rat&#8230; hai la &#8222;Faro&#8221; la sc\u0103ldat!<\/em><\/p>\n","protected":false},"excerpt":{"rendered":"<p>Apa, soarele \u015fi voia bun\u0103 nu sunt doar pe Litoral&#8230; ci \u015fi \u00een<\/p>\n","protected":false},"author":1,"featured_media":0,"comment_status":"open","ping_status":"open","sticky":false,"template":"","format":"standard","meta":{"footnotes":""},"categories":[8],"tags":[],"class_list":["post-41855","post","type-post","status-publish","format-standard","hentry","category-alert-news"],"_links":{"self":[{"href":"https:\/\/www.giurgiuveanul.ro\/stiri\/wp-json\/wp\/v2\/posts\/41855","targetHints":{"allow":["GET"]}}],"collection":[{"href":"https:\/\/www.giurgiuveanul.ro\/stiri\/wp-json\/wp\/v2\/posts"}],"about":[{"href":"https:\/\/www.giurgiuveanul.ro\/stiri\/wp-json\/wp\/v2\/types\/post"}],"author":[{"embeddable":true,"href":"https:\/\/www.giurgiuveanul.ro\/stiri\/wp-json\/wp\/v2\/users\/1"}],"replies":[{"embeddable":true,"href":"https:\/\/www.giurgiuveanul.ro\/stiri\/wp-json\/wp\/v2\/comments?post=41855"}],"version-history":[{"count":0,"href":"https:\/\/www.giurgiuveanul.ro\/stiri\/wp-json\/wp\/v2\/posts\/41855\/revisions"}],"wp:attachment":[{"href":"https:\/\/www.giurgiuveanul.ro\/stiri\/wp-json\/wp\/v2\/media?parent=41855"}],"wp:term":[{"taxonomy":"category","embeddable":true,"href":"https:\/\/www.giurgiuveanul.ro\/stiri\/wp-json\/wp\/v2\/categories?post=41855"},{"taxonomy":"post_tag","embeddable":true,"href":"https:\/\/www.giurgiuveanul.ro\/stiri\/wp-json\/wp\/v2\/tags?post=41855"}],"curies":[{"name":"wp","href":"https:\/\/api.w.org\/{rel}","templated":true}]}}