{"id":42236,"date":"2017-06-23T16:06:48","date_gmt":"2017-06-23T13:06:48","guid":{"rendered":"https:\/\/www.giurgiuveanul.ro\/stiri\/?p=42236"},"modified":"2017-06-23T16:06:48","modified_gmt":"2017-06-23T13:06:48","slug":"la-multi-ani-mircea-ilie","status":"publish","type":"post","link":"https:\/\/www.giurgiuveanul.ro\/stiri\/la-multi-ani-mircea-ilie\/","title":{"rendered":"La Mul\u0163i Ani, Mircea Ilie!"},"content":{"rendered":"<p><a href=\"https:\/\/www.giurgiuveanul.ro\/stiri\/wp-content\/uploads\/2017\/06\/IMG_8350.jpg\"><img loading=\"lazy\" decoding=\"async\" class=\"aligncenter size-large wp-image-42237\" src=\"https:\/\/www.giurgiuveanul.ro\/stiri\/wp-content\/uploads\/2017\/06\/IMG_8350-560x397.jpg\" alt=\"IMG_8350\" width=\"560\" height=\"397\" srcset=\"https:\/\/www.giurgiuveanul.ro\/stiri\/wp-content\/uploads\/2017\/06\/IMG_8350-560x397.jpg 560w, https:\/\/www.giurgiuveanul.ro\/stiri\/wp-content\/uploads\/2017\/06\/IMG_8350-250x177.jpg 250w, https:\/\/www.giurgiuveanul.ro\/stiri\/wp-content\/uploads\/2017\/06\/IMG_8350-400x284.jpg 400w, https:\/\/www.giurgiuveanul.ro\/stiri\/wp-content\/uploads\/2017\/06\/IMG_8350.jpg 800w\" sizes=\"auto, (max-width: 560px) 100vw, 560px\" \/><\/a>Ast\u0103zi, un trandafir s-a ata\u015fat de buchetul vie\u0163ii tale. Fie ca <!--more-->el s\u0103 \u00eenfloreasc\u0103 mai frumos \u015fi plin de s\u0103n\u0103tate, dec\u00e2t cei pe care \u00eei ai deja \u00een buchet.<\/p>\n<p>Visele de azi s\u0103 devin\u0103 realitate, speran\u0163ele de m\u00e2ine \u00eempliniri, g\u00e2ndul bun \u015fi fericirea s\u0103 te \u00eenso\u0163easc\u0103 mereu.<\/p>\n<p>C\u0103ldura \u015fi armonia familiei \u015fi celor dragi \u0163ie s\u0103 fie mereu cu tine, sprijinul \u015fi devotamentul prietenilor s\u0103 te ajute \u00een orice clip\u0103!<\/p>\n<p>La mai mult \u015fi la mai mare!<\/p>\n<p>Din partea familiei \u015fi a prietenilor&#8230; La Mul\u0163i Ani, Mircea Ilie!<\/p>\n","protected":false},"excerpt":{"rendered":"<p>Ast\u0103zi, un trandafir s-a ata\u015fat de buchetul vie\u0163ii tale. Fie ca<\/p>\n","protected":false},"author":1,"featured_media":0,"comment_status":"open","ping_status":"open","sticky":false,"template":"","format":"standard","meta":{"footnotes":""},"categories":[16],"tags":[],"class_list":["post-42236","post","type-post","status-publish","format-standard","hentry","category-astazi-e-ziua-ta"],"_links":{"self":[{"href":"https:\/\/www.giurgiuveanul.ro\/stiri\/wp-json\/wp\/v2\/posts\/42236","targetHints":{"allow":["GET"]}}],"collection":[{"href":"https:\/\/www.giurgiuveanul.ro\/stiri\/wp-json\/wp\/v2\/posts"}],"about":[{"href":"https:\/\/www.giurgiuveanul.ro\/stiri\/wp-json\/wp\/v2\/types\/post"}],"author":[{"embeddable":true,"href":"https:\/\/www.giurgiuveanul.ro\/stiri\/wp-json\/wp\/v2\/users\/1"}],"replies":[{"embeddable":true,"href":"https:\/\/www.giurgiuveanul.ro\/stiri\/wp-json\/wp\/v2\/comments?post=42236"}],"version-history":[{"count":0,"href":"https:\/\/www.giurgiuveanul.ro\/stiri\/wp-json\/wp\/v2\/posts\/42236\/revisions"}],"wp:attachment":[{"href":"https:\/\/www.giurgiuveanul.ro\/stiri\/wp-json\/wp\/v2\/media?parent=42236"}],"wp:term":[{"taxonomy":"category","embeddable":true,"href":"https:\/\/www.giurgiuveanul.ro\/stiri\/wp-json\/wp\/v2\/categories?post=42236"},{"taxonomy":"post_tag","embeddable":true,"href":"https:\/\/www.giurgiuveanul.ro\/stiri\/wp-json\/wp\/v2\/tags?post=42236"}],"curies":[{"name":"wp","href":"https:\/\/api.w.org\/{rel}","templated":true}]}}