{"id":42347,"date":"2017-06-26T15:21:32","date_gmt":"2017-06-26T12:21:32","guid":{"rendered":"https:\/\/www.giurgiuveanul.ro\/stiri\/?p=42347"},"modified":"2017-06-26T19:39:19","modified_gmt":"2017-06-26T16:39:19","slug":"ce-frumoasa-limba-romana","status":"publish","type":"post","link":"https:\/\/www.giurgiuveanul.ro\/stiri\/ce-frumoasa-limba-romana\/","title":{"rendered":"Ce frumoas\u0103 e LIMBA ROM\u00c2N\u0102"},"content":{"rendered":"<p style=\"text-align: justify;\"><a href=\"https:\/\/www.giurgiuveanul.ro\/stiri\/wp-content\/uploads\/2017\/06\/doom-dictionarul-ortografic-ortoepic-si-morfologic-al-limbii-romane-univers-enciclopedic-gold.jpg\"><img loading=\"lazy\" decoding=\"async\" class=\"aligncenter size-large wp-image-42348\" src=\"https:\/\/www.giurgiuveanul.ro\/stiri\/wp-content\/uploads\/2017\/06\/doom-dictionarul-ortografic-ortoepic-si-morfologic-al-limbii-romane-univers-enciclopedic-gold-319x450.jpg\" alt=\"doom-dictionarul-ortografic-ortoepic-si-morfologic-al-limbii-romane-univers-enciclopedic-gold\" width=\"319\" height=\"450\" srcset=\"https:\/\/www.giurgiuveanul.ro\/stiri\/wp-content\/uploads\/2017\/06\/doom-dictionarul-ortografic-ortoepic-si-morfologic-al-limbii-romane-univers-enciclopedic-gold-319x450.jpg 319w, https:\/\/www.giurgiuveanul.ro\/stiri\/wp-content\/uploads\/2017\/06\/doom-dictionarul-ortografic-ortoepic-si-morfologic-al-limbii-romane-univers-enciclopedic-gold-213x300.jpg 213w, https:\/\/www.giurgiuveanul.ro\/stiri\/wp-content\/uploads\/2017\/06\/doom-dictionarul-ortografic-ortoepic-si-morfologic-al-limbii-romane-univers-enciclopedic-gold-400x564.jpg 400w, https:\/\/www.giurgiuveanul.ro\/stiri\/wp-content\/uploads\/2017\/06\/doom-dictionarul-ortografic-ortoepic-si-morfologic-al-limbii-romane-univers-enciclopedic-gold.jpg 567w\" sizes=\"auto, (max-width: 319px) 100vw, 319px\" \/><\/a>Scriam cu ceva timp \u00een urm\u0103, tot \u00een <em>Giurgiuveanul,<\/em> c\u0103<!--more--> a vorbi corect\u00a0 este ca \u015fi cum singur \u00ee\u0163i semnezi \u00a0scrisoarea de recomanda\u0163ie cu care ie\u015fi \u00een lume! Parafraz\u00e2nd, spuneam: <em>-Vorbe\u015fte-mi\u00a0 \u015fi-\u0163i\u00a0 spun cine e\u015fti.<\/em><\/p>\n<p style=\"text-align: justify;\">Liceenii\u00a0 no\u015ftri, absolven\u0163i \u00een acest an sau restan\u0163ieri din promo\u0163iile anterioare, sus\u0163in ast\u0103zi proba scris\u0103 la limba rom\u00e2n\u0103. Sarcina lor este, \u00een aceast\u0103 situa\u0163ie, una mai complex\u0103 dec\u00e2t aceea pe care au avut-o\u00a0 c\u00e2nd au sus\u0163inut proba de competen\u0163\u0103 lingvistic\u0103.<\/p>\n<p style=\"text-align: justify;\">Elevii trebuie s\u0103 dovedeasc\u0103 ast\u0103zi c\u0103 st\u0103p\u00e2nesc \u00a0bine informa\u0163iile cerute de subiect \u00een limita cerin\u0163elor curriculei, de ce nu pragrama \u015fcolar\u0103!?, dar \u015fi c\u0103 stap\u00e2nesc\u00a0 la fel de bine regulile de scriere \u00een limba rom\u00e2n\u0103.<\/p>\n<p style=\"text-align: justify;\">Aspectul scris al limbii rom\u00e2ne presupune\u00a0 cunoa\u015fterea \u015fi respectarea anumitor reguli care \u00een vorbirea oral\u0103 nu exist\u0103.<\/p>\n<p style=\"text-align: justify;\">Scrierea cu liter\u0103 mare, cu majuscul\u0103, sau scrierea cu liter\u0103 mic\u0103.<\/p>\n<p style=\"text-align: justify;\">\u00cent\u00e2lnim in diferite situa\u0163ii scris:\u00a0 limba rom\u00e2n\u0103, Limba rom\u00e2n\u0103, Limba Rom\u00e2n\u0103. Limba \u015fi Literatura Rom\u00e2n\u0103 , limba \u015fi literatura rom\u00e2n\u0103.<\/p>\n<p style=\"text-align: justify;\">Scriem totdeauna limba rom\u00e2n\u0103.<\/p>\n<p style=\"text-align: justify;\">Dar scriem \u015fi Limba rom\u00e2n\u0103, \u015fi tot corect este, dac\u0103 ne referim la titlul revistei numit\u0103 astfel.<\/p>\n<p style=\"text-align: justify;\">Surprinz\u0103tor este c\u0103 apar forme incorect\u00a0 scrise chiar \u00een documente oficiale.<\/p>\n<p style=\"text-align: justify;\">Regula\u00a0 pe care, b\u0103nuiesc, elevii\u00a0 o \u015ftiu sau ar trebui s\u0103 o \u015ftie: disciplinele de \u00eenv\u0103\u0163\u0103m\u00e2nt se scriu cu liter\u0103 mic\u0103.<\/p>\n<p style=\"text-align: justify;\">Deci: limba rom\u00e2n\u0103 \u015fi limba \u015fi literatura rom\u00e2n\u0103, \u00een toate situa\u0163iile \u00een care nu sunt la \u00eenceputul unui paragraf-comunic\u0103ri.. \u00cen acest caz se scrie\u00a0 cu majuscul\u0103 doar primul cuv\u00e2nt.<\/p>\n<p style=\"text-align: justify;\"><strong>\u00a0<\/strong><\/p>\n<p style=\"text-align: center;\"><strong><em>Gh.C.Br.<\/em><\/strong><\/p>\n<p style=\"text-align: justify;\">\n<p style=\"text-align: center;\"><strong>PRECIZ\u0102RI<\/strong><\/p>\n<p style=\"text-align: justify;\">GIURGIVEANUL, dup\u0103 cum se poate vedea, din respect pentru limba rom\u00e2n\u0103, a publicat \u00eensemn\u0103rile mele despre\u00a0 obliga\u0163ia pe care o avem de a scrie corect numele disciplinelor de \u00eenv\u0103\u0163\u0103m\u00e2nt.<\/p>\n<p style=\"text-align: justify;\">F\u0103c\u00e2nd referire la DOOM, nu am exprimat o opinie cu privire la scrierea unor cuvinte, ci am reamintit obliga\u0163ia de a respecta normele de scriere corect\u0103 prev\u0103zute de acesta.<\/p>\n<p style=\"text-align: justify;\">\u00censerierea \u00eensemn\u0103rilor f\u0103cute de mine la rubrica permanent\u0103 OPINIA MEA nu corespunde inten\u0163iei mele. Apreciez c\u0103, \u00een leg\u0103tur\u0103 cu anumite NORME nu ne exprim\u0103m opinii, ci le respect\u0103m.<\/p>\n<p style=\"text-align: justify;\">M-am sim\u0163it obligat fa\u0163\u0103 de cititorii ziarului s\u0103 fac preciz\u0103rile de mai sus.<\/p>\n<p>&nbsp;<\/p>\n<p style=\"text-align: center;\"><em>Prof.Gh.C.Br.<\/em><\/p>\n","protected":false},"excerpt":{"rendered":"<p>Scriam cu ceva timp \u00een urm\u0103, tot \u00een Giurgiuveanul, c\u0103<\/p>\n","protected":false},"author":1,"featured_media":0,"comment_status":"open","ping_status":"open","sticky":false,"template":"","format":"standard","meta":{"footnotes":""},"categories":[21],"tags":[],"class_list":["post-42347","post","type-post","status-publish","format-standard","hentry","category-opinia-mea"],"_links":{"self":[{"href":"https:\/\/www.giurgiuveanul.ro\/stiri\/wp-json\/wp\/v2\/posts\/42347","targetHints":{"allow":["GET"]}}],"collection":[{"href":"https:\/\/www.giurgiuveanul.ro\/stiri\/wp-json\/wp\/v2\/posts"}],"about":[{"href":"https:\/\/www.giurgiuveanul.ro\/stiri\/wp-json\/wp\/v2\/types\/post"}],"author":[{"embeddable":true,"href":"https:\/\/www.giurgiuveanul.ro\/stiri\/wp-json\/wp\/v2\/users\/1"}],"replies":[{"embeddable":true,"href":"https:\/\/www.giurgiuveanul.ro\/stiri\/wp-json\/wp\/v2\/comments?post=42347"}],"version-history":[{"count":0,"href":"https:\/\/www.giurgiuveanul.ro\/stiri\/wp-json\/wp\/v2\/posts\/42347\/revisions"}],"wp:attachment":[{"href":"https:\/\/www.giurgiuveanul.ro\/stiri\/wp-json\/wp\/v2\/media?parent=42347"}],"wp:term":[{"taxonomy":"category","embeddable":true,"href":"https:\/\/www.giurgiuveanul.ro\/stiri\/wp-json\/wp\/v2\/categories?post=42347"},{"taxonomy":"post_tag","embeddable":true,"href":"https:\/\/www.giurgiuveanul.ro\/stiri\/wp-json\/wp\/v2\/tags?post=42347"}],"curies":[{"name":"wp","href":"https:\/\/api.w.org\/{rel}","templated":true}]}}