{"id":42427,"date":"2017-06-28T15:34:52","date_gmt":"2017-06-28T12:34:52","guid":{"rendered":"https:\/\/www.giurgiuveanul.ro\/stiri\/?p=42427"},"modified":"2017-06-28T15:34:52","modified_gmt":"2017-06-28T12:34:52","slug":"la-multi-ani-domnule-primar-florin-nidelea-2","status":"publish","type":"post","link":"https:\/\/www.giurgiuveanul.ro\/stiri\/la-multi-ani-domnule-primar-florin-nidelea-2\/","title":{"rendered":"La Mul\u0163i Ani, domnule primar Florin Nidelea!"},"content":{"rendered":"<p style=\"text-align: justify;\"><a href=\"https:\/\/www.giurgiuveanul.ro\/stiri\/wp-content\/uploads\/2017\/06\/IMG_8847.jpg\"><img loading=\"lazy\" decoding=\"async\" class=\"aligncenter size-large wp-image-42428\" src=\"https:\/\/www.giurgiuveanul.ro\/stiri\/wp-content\/uploads\/2017\/06\/IMG_8847-558x450.jpg\" alt=\"IMG_8847\" width=\"558\" height=\"450\" srcset=\"https:\/\/www.giurgiuveanul.ro\/stiri\/wp-content\/uploads\/2017\/06\/IMG_8847-558x450.jpg 558w, https:\/\/www.giurgiuveanul.ro\/stiri\/wp-content\/uploads\/2017\/06\/IMG_8847-250x202.jpg 250w, https:\/\/www.giurgiuveanul.ro\/stiri\/wp-content\/uploads\/2017\/06\/IMG_8847-400x323.jpg 400w, https:\/\/www.giurgiuveanul.ro\/stiri\/wp-content\/uploads\/2017\/06\/IMG_8847.jpg 800w\" sizes=\"auto, (max-width: 558px) 100vw, 558px\" \/><\/a>Ast\u0103zi, la \u00eemplinirea <!--more-->unei frumoasei v\u00e2rste, cotidianul \u201eGiurgiuveanul\u201d, v\u0103 ureaz\u0103, domnule primar al comunei Clejani, mult\u0103 s\u0103n\u0103tate, \u00eemplinirea tuturor dorin\u0163elor, multe realiz\u0103ri, o via\u0163\u0103 c\u00e2t mai \u00eemplinit\u0103 \u015fi un sincer \u201eLa Mul\u0163i Ani!\u201d<\/p>\n<p style=\"text-align: justify;\">S\u0103 v\u0103 fie via\u0163a rodnic\u0103 \u015fi bogat\u0103, plin\u0103 de parfum \u015fi culoare, s\u0103 ave\u0163i parte de realiz\u0103ri \u00een via\u0163a profesional\u0103 \u015fi familial\u0103, de momente de bucurie \u015fi satisfac\u0163ie al\u0103turi de cei dragi.<\/p>\n<p style=\"text-align: center;\"><strong><em>La Mul\u0163i Ani, domnule primar Florin Nidelea!<\/em><\/strong><\/p>\n","protected":false},"excerpt":{"rendered":"<p>Ast\u0103zi, la \u00eemplinirea<\/p>\n","protected":false},"author":1,"featured_media":0,"comment_status":"open","ping_status":"open","sticky":false,"template":"","format":"standard","meta":{"footnotes":""},"categories":[16],"tags":[],"class_list":["post-42427","post","type-post","status-publish","format-standard","hentry","category-astazi-e-ziua-ta"],"_links":{"self":[{"href":"https:\/\/www.giurgiuveanul.ro\/stiri\/wp-json\/wp\/v2\/posts\/42427","targetHints":{"allow":["GET"]}}],"collection":[{"href":"https:\/\/www.giurgiuveanul.ro\/stiri\/wp-json\/wp\/v2\/posts"}],"about":[{"href":"https:\/\/www.giurgiuveanul.ro\/stiri\/wp-json\/wp\/v2\/types\/post"}],"author":[{"embeddable":true,"href":"https:\/\/www.giurgiuveanul.ro\/stiri\/wp-json\/wp\/v2\/users\/1"}],"replies":[{"embeddable":true,"href":"https:\/\/www.giurgiuveanul.ro\/stiri\/wp-json\/wp\/v2\/comments?post=42427"}],"version-history":[{"count":0,"href":"https:\/\/www.giurgiuveanul.ro\/stiri\/wp-json\/wp\/v2\/posts\/42427\/revisions"}],"wp:attachment":[{"href":"https:\/\/www.giurgiuveanul.ro\/stiri\/wp-json\/wp\/v2\/media?parent=42427"}],"wp:term":[{"taxonomy":"category","embeddable":true,"href":"https:\/\/www.giurgiuveanul.ro\/stiri\/wp-json\/wp\/v2\/categories?post=42427"},{"taxonomy":"post_tag","embeddable":true,"href":"https:\/\/www.giurgiuveanul.ro\/stiri\/wp-json\/wp\/v2\/tags?post=42427"}],"curies":[{"name":"wp","href":"https:\/\/api.w.org\/{rel}","templated":true}]}}