{"id":42446,"date":"2017-06-29T10:02:34","date_gmt":"2017-06-29T07:02:34","guid":{"rendered":"https:\/\/www.giurgiuveanul.ro\/stiri\/?p=42446"},"modified":"2017-06-29T10:02:34","modified_gmt":"2017-06-29T07:02:34","slug":"lauda-cantecului","status":"publish","type":"post","link":"https:\/\/www.giurgiuveanul.ro\/stiri\/lauda-cantecului\/","title":{"rendered":"LAUD\u0102  C\u00c2NTECULUI\u2026"},"content":{"rendered":"<p><strong><a href=\"https:\/\/www.giurgiuveanul.ro\/stiri\/wp-content\/uploads\/2017\/06\/Neintitulat2.jpg\"><img loading=\"lazy\" decoding=\"async\" class=\"aligncenter size-large wp-image-42447\" src=\"https:\/\/www.giurgiuveanul.ro\/stiri\/wp-content\/uploads\/2017\/06\/Neintitulat2-560x372.jpg\" alt=\"Neintitulat\" width=\"560\" height=\"372\" srcset=\"https:\/\/www.giurgiuveanul.ro\/stiri\/wp-content\/uploads\/2017\/06\/Neintitulat2-560x372.jpg 560w, https:\/\/www.giurgiuveanul.ro\/stiri\/wp-content\/uploads\/2017\/06\/Neintitulat2-250x166.jpg 250w, https:\/\/www.giurgiuveanul.ro\/stiri\/wp-content\/uploads\/2017\/06\/Neintitulat2-400x266.jpg 400w, https:\/\/www.giurgiuveanul.ro\/stiri\/wp-content\/uploads\/2017\/06\/Neintitulat2.jpg 800w\" sizes=\"auto, (max-width: 560px) 100vw, 560px\" \/><\/a>Am urm\u0103rit <!--more-->transmisiunea\u00a0 de la Giurgiu\u00a0 a festivalului concurs\u00a0<em>C\u00e2ntecul popular rom\u00e2nesc \u00a0de-a\u00a0 \u00a0lungul Dun\u0103rii.<\/em><\/strong><\/p>\n<p style=\"text-align: justify;\">Meritul televiziunii\u00a0 rom\u00e2ne de a fi rezervat timp de transmisiune \u00een direct unui eveniment cultural \u00een care la loc de cinste era c\u00e2ntecul.<\/p>\n<p style=\"text-align: justify;\">C\u00e2ntecul popular rom\u00e2nesc.<\/p>\n<p style=\"text-align: justify;\">Meritul giurgiuvenilor este de a fi \u015ftiut s\u0103 se bucure. \u015ei telespectatorii\u00a0 odat\u0103 cu ei!<\/p>\n<p style=\"text-align: justify;\">Inima Giurgiului, evenimentul s-a desf\u0103\u015furat pe o scen\u0103 montat\u0103 chiar \u00een centrul ora\u015fului,\u00a0 mi s-a p\u0103rut mai mare!<\/p>\n<p style=\"text-align: justify;\">Mare c\u00e2t o ADUNARE POPULAR\u0102 din centrul Chi\u015fin\u0103ului din anii 1987..1988 pentru LIMBA NOASTR\u0102 CEA ROM\u00c2N\u0102!<\/p>\n<p style=\"text-align: justify;\">Mare c\u00e2t un POD DE FLORI de la Giurgiule\u015fti la care am participat , \u00een 1991 cred, \u015fi c\u00e2nd am trecut Prutul f\u0103r\u0103 pa\u015faport! Am \u00een\u0163eles atunci de ce Domnul Buican, \u00eenv\u0103\u0163\u0103torul meu dintr-un sat de l\u00e2ng\u0103 Giurgiu, a pl\u00e2ns c\u00e2nd a ha\u015furat pe o hart\u0103 veche noua grani\u0163\u0103 a Rom\u00e2niei pe Prut! Ne-a spus doar c\u0103 este un lucru pe care-l vom \u00een\u0163elege noi mai t\u00e2rziu.Era \u00een toamna anului 1945!<\/p>\n<p style=\"text-align: justify;\">\u00cen repetate r\u00e2nduri, regreta\u0163ii\u00a0 poe\u0163i\u00a0 \u015fi academicieni rom\u00e2ni Grigore Vieru \u015fi Anatol Codru spuneau c\u0103 Dumnezeu \u015ftie c\u00e2nd vor mai avea rom\u00e2nii at\u00e2tea \u015fanse ratate nu de a se \u015fti \u00eempreun\u0103 , ci de a fi \u00eempreun\u0103.<\/p>\n<p style=\"text-align: justify;\">\u015ei mai spuneau distin\u015fii poe\u0163i ceva. \u015ei \u00eei cred, pentru c\u0103&#8230;<em>\u015fi jalea unei lumi, P\u0103rinte, s\u0103 pl\u00e2ng\u0103-n lacrimile mele<\/em>, erau versurile unui alt poet care a \u015ftiut s\u0103 vorbeasc\u0103 \u00een numele nostru! \u015ei mai spuneau, zic, poe\u0163ii aminti\u0163i\u00a0 c\u0103, de\u015fi am ratat at\u00e2tea \u015fanse, ceea ce ne \u0163ine, totu\u015fi, al\u0103turi sunt<\/p>\n<p style=\"text-align: justify;\">LIMBA ROM\u00c2N\u0102, C\u00c2NTECUL POPULAR ROM\u00c2NESC \u015fi CREDIN\u0162A \u00ceN DUMNEZEU!<\/p>\n<p style=\"text-align: justify;\">Ceea ce s-a \u00eent\u00e2mplat la Giurgiu, \u015fi prezen\u0163a L\u0102UTARILOR din Chi\u015fin\u0103u ne arat\u0103 c\u0103 tot rom\u00e2nesc este c\u00e2ntecul nostru popular \u015fi peste Prut,\u00a0 este \u015fi dovada c\u0103 bucuria c\u00e2ntecului ne \u0163ine al\u0103turi!<\/p>\n<p style=\"text-align: justify;\">La 1 decembrie 2018, vom s\u0103rb\u0103tori o sut\u0103 de ani\u00a0 de la MAREA UNIRE!<\/p>\n<p style=\"text-align: justify;\">Va interpreta cineva <em>Doina Prutului<\/em>?<\/p>\n<p style=\"text-align: center;\"><em>Gh.C.Br.<\/em><\/p>\n","protected":false},"excerpt":{"rendered":"<p>Am urm\u0103rit<\/p>\n","protected":false},"author":1,"featured_media":0,"comment_status":"open","ping_status":"open","sticky":false,"template":"","format":"standard","meta":{"footnotes":""},"categories":[21],"tags":[],"class_list":["post-42446","post","type-post","status-publish","format-standard","hentry","category-opinia-mea"],"_links":{"self":[{"href":"https:\/\/www.giurgiuveanul.ro\/stiri\/wp-json\/wp\/v2\/posts\/42446","targetHints":{"allow":["GET"]}}],"collection":[{"href":"https:\/\/www.giurgiuveanul.ro\/stiri\/wp-json\/wp\/v2\/posts"}],"about":[{"href":"https:\/\/www.giurgiuveanul.ro\/stiri\/wp-json\/wp\/v2\/types\/post"}],"author":[{"embeddable":true,"href":"https:\/\/www.giurgiuveanul.ro\/stiri\/wp-json\/wp\/v2\/users\/1"}],"replies":[{"embeddable":true,"href":"https:\/\/www.giurgiuveanul.ro\/stiri\/wp-json\/wp\/v2\/comments?post=42446"}],"version-history":[{"count":0,"href":"https:\/\/www.giurgiuveanul.ro\/stiri\/wp-json\/wp\/v2\/posts\/42446\/revisions"}],"wp:attachment":[{"href":"https:\/\/www.giurgiuveanul.ro\/stiri\/wp-json\/wp\/v2\/media?parent=42446"}],"wp:term":[{"taxonomy":"category","embeddable":true,"href":"https:\/\/www.giurgiuveanul.ro\/stiri\/wp-json\/wp\/v2\/categories?post=42446"},{"taxonomy":"post_tag","embeddable":true,"href":"https:\/\/www.giurgiuveanul.ro\/stiri\/wp-json\/wp\/v2\/tags?post=42446"}],"curies":[{"name":"wp","href":"https:\/\/api.w.org\/{rel}","templated":true}]}}