{"id":42466,"date":"2017-06-30T09:16:54","date_gmt":"2017-06-30T06:16:54","guid":{"rendered":"https:\/\/www.giurgiuveanul.ro\/stiri\/?p=42466"},"modified":"2017-06-30T09:16:54","modified_gmt":"2017-06-30T06:16:54","slug":"de-ale-scolii","status":"publish","type":"post","link":"https:\/\/www.giurgiuveanul.ro\/stiri\/de-ale-scolii\/","title":{"rendered":"De-ale \u015fcolii\u2026"},"content":{"rendered":"<p style=\"text-align: center;\">Oglind\u0103, oglinjoar\u0103&#8230;<\/p>\n<p style=\"text-align: justify;\"><a href=\"https:\/\/www.giurgiuveanul.ro\/stiri\/wp-content\/uploads\/2017\/06\/leul-si-pisica-in-oglinda.jpg\"><img loading=\"lazy\" decoding=\"async\" class=\"aligncenter size-large wp-image-42467\" src=\"https:\/\/www.giurgiuveanul.ro\/stiri\/wp-content\/uploads\/2017\/06\/leul-si-pisica-in-oglinda-356x450.jpg\" alt=\"leul-si-pisica-in-oglinda\" width=\"356\" height=\"450\" srcset=\"https:\/\/www.giurgiuveanul.ro\/stiri\/wp-content\/uploads\/2017\/06\/leul-si-pisica-in-oglinda-356x450.jpg 356w, https:\/\/www.giurgiuveanul.ro\/stiri\/wp-content\/uploads\/2017\/06\/leul-si-pisica-in-oglinda-237x300.jpg 237w, https:\/\/www.giurgiuveanul.ro\/stiri\/wp-content\/uploads\/2017\/06\/leul-si-pisica-in-oglinda.jpg 387w\" sizes=\"auto, (max-width: 356px) 100vw, 356px\" \/><\/a>Aud la <!--more-->mai toate posturile de televiziune, \u015fi m\u00e2 intrig\u0103 c\u0103 acest lucru \u00eel fac chiar unii profesori de limba rom\u00e2n\u0103, cit\u00e2ndu-se perle\u00a0 din lucr\u0103rile scrise ale elevilor la examenul de bacalaureat sau la evaluarea la nivel na\u0163ional pentru elevii de clasa a VIII-a.<\/p>\n<p style=\"text-align: justify;\">\u00a0L\u0103s\u00e2nd la o parte c\u0103 unele dintre perlele\u00a0 culese de profesori au un umor de o calitate \u00eendoielnic\u0103, ceea ce m\u0103 face s\u0103 m\u0103 \u00eentreb dac\u0103 profesorii respectivi\u00a0 au sim\u0163ul umorului sau al ridicolului!, dar m\u00e2 \u00eentreb \u015fi \u00eentreb dac\u0103 ace\u015fti profesori \u015ftiu c\u0103, prin asta, \u00ee\u015fi bat joc de propria lor munc\u0103? \u00a0\u015ei trebuie precizat c\u0103, absolut \u00een toate situa\u0163iile, avem un umor involuntar!<\/p>\n<p style=\"text-align: justify;\">E greu pentru mine, chiar \u00een amintirea anilor de liceu, s\u0103 mi-l \u00eenchipui pe distinsul meu profesor de limba rom\u00e2n\u0103. Marin Angelescu, colport\u00e2nd, spre amuzamentul cuiva, perle din lucr\u0103rile noastre. Se g\u0103seau \u00een mod sigur!<\/p>\n<p style=\"text-align: justify;\">Era \u00eens\u0103 at\u00e2ta bl\u00e2nde\u0163e \u00een dialogul profesorului nostru cu elevul pe care-l nota, \u00eenc\u00e2t te f\u0103cea s\u0103-\u0163i sim\u0163i vinov\u0103\u0163ia c\u0103 \u00eel obligi s\u0103-\u0163i dea not\u0103 mic\u0103! Avea \u00een obicei s\u0103 ne citeasc\u0103 paragrafe din cele mai reu\u015fite lucr\u0103ri, dar niciodat\u0103&#8230; <em>perle!<\/em> Existau \u015fi \u00een lucr\u0103rile noastre desigur, dar profesorul c\u0103uta totdeauna motiv de laud\u0103, nu de ocar\u0103!<\/p>\n<p style=\"text-align: justify;\">Era un alt timp? Probabil!<\/p>\n<p style=\"text-align: justify;\">Acum c\u00e2\u0163iva ani, doi profesori renumi\u0163i din Giurgiu, M.B. \u015fi E.C. ,invita\u0163i la o \u00eent\u00e2lnire de promo\u0163ie ne spuneau am\u00e2ndoi, de parc\u0103 se vorbiser\u0103, c\u0103 s-au schimbat raporturile dintre elevi \u015fi profesori! \u00cei amintesc acum nu pentru impresia deosebit\u0103\u00a0 pe care ne-au l\u0103sat-o, nu pentru regretul pe care-l manifestau pentru\u00a0 unele nereu\u015fite ale activit\u0103\u0163ii la catedr\u0103, ci pentru c\u0103 , prin demonstra\u0163ia lor, \u00eencercau nu s\u0103 motiveze situa\u0163ia nemul\u0163umitoare. \u00cencercau s\u0103 o explice!<\/p>\n<p style=\"text-align: justify;\">S\u0103 fie oare acesta motivul pentru care, de c\u00e2\u0163iva ani, Giurgiu, elevii din Giurgiu, se num\u0103r\u0103 printre coda\u015fii clasamentelor \u2013 se fac \u015fi din astea!- la nivel na\u0163ional? Inspectoratul \u015ecolar Jude\u0163ean, conducerile \u015fcolilor, cadrele didactice \u015fi nu \u00een ultimul r\u00e2nd elevii sunt\u00a0 chema\u0163i\u00a0 s\u0103 arate prin rezultate c\u0103 \u015fi pe Vla\u015fca tr\u0103iesc \u015fi \u00eenva\u0163\u0103 elevi la fel de dota\u0163i ca to\u0163i din \u0163ar\u0103.<\/p>\n<p style=\"text-align: justify;\">Grija lui Nil\u0103 pentru Bisisica nu o mai au copiii no\u015ftri!. Nil\u0103\u00a0 avea t\u0103bli\u0163\u0103- Copiii no\u015ftri au tablet\u0103! Nil\u0103 \u00a0a fost premiant! P\u0103rin\u0163ii copiilor no\u015ftri nu mai au timp s\u0103 mearg\u0103\u00a0 la sfat la fier\u0103ria lui Iocan! Dar a disp\u0103rut \u015fi fier\u0103ria! Copiii \u00eens\u0103&#8230;\u015fi p\u0103rin\u0163ii trebuie s\u0103 le poarte de grij\u0103! Reu\u015fita lor, a copiilor, este izvor de bucurie! Am\u00a0 \u00eencredere. \u00cen \u0163ara noastr\u0103 este \u00eenc\u0103 ap\u0103rat\u0103 FAMILIA tradi\u0163ional\u0103.<\/p>\n<p>&nbsp;<\/p>\n<p>Gh.C.Br.<\/p>\n","protected":false},"excerpt":{"rendered":"<p>Oglind\u0103, oglinjoar\u0103&#8230; Aud la<\/p>\n","protected":false},"author":1,"featured_media":0,"comment_status":"open","ping_status":"open","sticky":false,"template":"","format":"standard","meta":{"footnotes":""},"categories":[21],"tags":[],"class_list":["post-42466","post","type-post","status-publish","format-standard","hentry","category-opinia-mea"],"_links":{"self":[{"href":"https:\/\/www.giurgiuveanul.ro\/stiri\/wp-json\/wp\/v2\/posts\/42466","targetHints":{"allow":["GET"]}}],"collection":[{"href":"https:\/\/www.giurgiuveanul.ro\/stiri\/wp-json\/wp\/v2\/posts"}],"about":[{"href":"https:\/\/www.giurgiuveanul.ro\/stiri\/wp-json\/wp\/v2\/types\/post"}],"author":[{"embeddable":true,"href":"https:\/\/www.giurgiuveanul.ro\/stiri\/wp-json\/wp\/v2\/users\/1"}],"replies":[{"embeddable":true,"href":"https:\/\/www.giurgiuveanul.ro\/stiri\/wp-json\/wp\/v2\/comments?post=42466"}],"version-history":[{"count":0,"href":"https:\/\/www.giurgiuveanul.ro\/stiri\/wp-json\/wp\/v2\/posts\/42466\/revisions"}],"wp:attachment":[{"href":"https:\/\/www.giurgiuveanul.ro\/stiri\/wp-json\/wp\/v2\/media?parent=42466"}],"wp:term":[{"taxonomy":"category","embeddable":true,"href":"https:\/\/www.giurgiuveanul.ro\/stiri\/wp-json\/wp\/v2\/categories?post=42466"},{"taxonomy":"post_tag","embeddable":true,"href":"https:\/\/www.giurgiuveanul.ro\/stiri\/wp-json\/wp\/v2\/tags?post=42466"}],"curies":[{"name":"wp","href":"https:\/\/api.w.org\/{rel}","templated":true}]}}