{"id":42679,"date":"2017-07-05T11:02:41","date_gmt":"2017-07-05T08:02:41","guid":{"rendered":"https:\/\/www.giurgiuveanul.ro\/stiri\/?p=42679"},"modified":"2017-07-05T11:02:41","modified_gmt":"2017-07-05T08:02:41","slug":"lauda-lor","status":"publish","type":"post","link":"https:\/\/www.giurgiuveanul.ro\/stiri\/lauda-lor\/","title":{"rendered":"LAUD\u0102 LOR"},"content":{"rendered":"<p style=\"text-align: center;\"><a href=\"https:\/\/www.giurgiuveanul.ro\/stiri\/wp-content\/uploads\/2017\/07\/trei-flori-portocalii-800.jpg\"><img loading=\"lazy\" decoding=\"async\" class=\"aligncenter size-large wp-image-42680\" src=\"https:\/\/www.giurgiuveanul.ro\/stiri\/wp-content\/uploads\/2017\/07\/trei-flori-portocalii-800-560x371.jpg\" alt=\"trei-flori-portocalii-800\" width=\"560\" height=\"371\" srcset=\"https:\/\/www.giurgiuveanul.ro\/stiri\/wp-content\/uploads\/2017\/07\/trei-flori-portocalii-800-560x371.jpg 560w, https:\/\/www.giurgiuveanul.ro\/stiri\/wp-content\/uploads\/2017\/07\/trei-flori-portocalii-800-250x166.jpg 250w, https:\/\/www.giurgiuveanul.ro\/stiri\/wp-content\/uploads\/2017\/07\/trei-flori-portocalii-800-400x265.jpg 400w, https:\/\/www.giurgiuveanul.ro\/stiri\/wp-content\/uploads\/2017\/07\/trei-flori-portocalii-800.jpg 800w\" sizes=\"auto, (max-width: 560px) 100vw, 560px\" \/><\/a>Ioana, Andreea \u015fi Denisa\u2026<\/p>\n<p style=\"text-align: justify;\">E o \u00eent\u00e2mplare c\u0103 se numesc a\u015fa. Este <!--more-->o \u00eent\u00e2mplare c\u0103 le\u2013am amintit numele \u00een aceast\u0103 ordine.<\/p>\n<p style=\"text-align: justify;\">Nu este o \u00eent\u00e2mplare c\u0103 toate trei sunt eleve ale <em>Maiorescului <\/em>giurgiuvean. Nu este o \u00eent\u00e2mplare c\u0103\u00a0 ele au fost alese de Doamna prof. C. Elisabeta, la rug\u0103mintea Promo\u0163iei 1954, cu 11 clase, de a fi reprezentantele colectivelor lor de clas\u0103 la un DIALOG \u00ceNTRE GENERA\u0162II, pus la cale de noi.<\/p>\n<p style=\"text-align: justify;\">Nu ne-a surprins v\u00e2rsta lor. Rugasem s\u0103 fie desemnate eleve care vor fi absolvente ale liceului \u00een anul 2017. Nu ne-a surprins nici chiar \u0163inuta lor impecabil\u0103, ca-n zugr\u0103vitur\u0103 cum ar zice poetul! \u015etim c\u0103 p\u0103rin\u0163ii, mama mai ales, se uit\u0103 cu grij\u0103 cum arat\u0103 copila c\u00e2nd merge la un eveniment!\u00a0 E m\u00e2ndria lor. Dar mai ales bucuria lor!<\/p>\n<p style=\"text-align: justify;\">Ne-au surprins, evident \u00een mod foarte pl\u0103cut,prin elegan\u0163a exprim\u0103rii, cu fiecare cuv\u00e2nt bine ales \u015fi la locul lui, prin maturitatea argument\u0103rii \u015fi prin problematica adus\u0103 \u00een discu\u0163ie.<\/p>\n<p style=\"text-align: justify;\"><em>Graba timpului modern, speran\u0163a \u00eentr-un viitor doar imaginat, \u00eendr\u0103zneala implic\u0103rii cu riscuri asumate, nevoia de a comunica, proiecte de viitor, g\u00e2nduri pentru 1 Decembrie 2018<\/em>, sunt c\u00e2teva probleme din ceea ce elevele au considerat a fi importante pentru ele.<\/p>\n<p style=\"text-align: justify;\">Toate trei, de parc\u0103 se vorbiser\u0103, dar \u0163intind acela\u015fi obiectiv al viitorului \u00a0an, ne-au spus c\u0103 se g\u00e2ndesc la BACALAUREAT!<\/p>\n<p style=\"text-align: justify;\">Ast\u0103zi se dau rezultatele. Cu speran\u0163a c\u0103 toate trei\u00a0 au \u015fi reu\u015fit, ne sim\u0163im datori s\u0103 le l\u0103ud\u0103m! P\u0103rin\u0163ii lor se vor bucura. Ele nu vor avea prea mult timp de bucurie. \u00cencep alte griji privind reu\u015fita la facultate!<\/p>\n<p style=\"text-align: justify;\">Tere ne-am bucura ca lauda noastr\u0103 s\u0103 le fie de ajutor!<\/p>\n<p style=\"text-align: justify;\">\u00cen numele tuturor colegilor mei,<\/p>\n<p style=\"text-align: justify;\">Gh.C.Br.<\/p>\n","protected":false},"excerpt":{"rendered":"<p>Ioana, Andreea \u015fi Denisa\u2026 E o \u00eent\u00e2mplare c\u0103 se numesc a\u015fa. Este<\/p>\n","protected":false},"author":1,"featured_media":0,"comment_status":"open","ping_status":"open","sticky":false,"template":"","format":"standard","meta":{"footnotes":""},"categories":[21],"tags":[],"class_list":["post-42679","post","type-post","status-publish","format-standard","hentry","category-opinia-mea"],"_links":{"self":[{"href":"https:\/\/www.giurgiuveanul.ro\/stiri\/wp-json\/wp\/v2\/posts\/42679","targetHints":{"allow":["GET"]}}],"collection":[{"href":"https:\/\/www.giurgiuveanul.ro\/stiri\/wp-json\/wp\/v2\/posts"}],"about":[{"href":"https:\/\/www.giurgiuveanul.ro\/stiri\/wp-json\/wp\/v2\/types\/post"}],"author":[{"embeddable":true,"href":"https:\/\/www.giurgiuveanul.ro\/stiri\/wp-json\/wp\/v2\/users\/1"}],"replies":[{"embeddable":true,"href":"https:\/\/www.giurgiuveanul.ro\/stiri\/wp-json\/wp\/v2\/comments?post=42679"}],"version-history":[{"count":0,"href":"https:\/\/www.giurgiuveanul.ro\/stiri\/wp-json\/wp\/v2\/posts\/42679\/revisions"}],"wp:attachment":[{"href":"https:\/\/www.giurgiuveanul.ro\/stiri\/wp-json\/wp\/v2\/media?parent=42679"}],"wp:term":[{"taxonomy":"category","embeddable":true,"href":"https:\/\/www.giurgiuveanul.ro\/stiri\/wp-json\/wp\/v2\/categories?post=42679"},{"taxonomy":"post_tag","embeddable":true,"href":"https:\/\/www.giurgiuveanul.ro\/stiri\/wp-json\/wp\/v2\/tags?post=42679"}],"curies":[{"name":"wp","href":"https:\/\/api.w.org\/{rel}","templated":true}]}}