{"id":42712,"date":"2017-07-06T09:09:49","date_gmt":"2017-07-06T06:09:49","guid":{"rendered":"https:\/\/www.giurgiuveanul.ro\/stiri\/?p=42712"},"modified":"2017-07-06T09:09:49","modified_gmt":"2017-07-06T06:09:49","slug":"iarasi-de-ale-scolii","status":"publish","type":"post","link":"https:\/\/www.giurgiuveanul.ro\/stiri\/iarasi-de-ale-scolii\/","title":{"rendered":"Iar\u0103\u015fi de-ale \u015fcolii"},"content":{"rendered":"<p style=\"text-align: justify;\"><a href=\"https:\/\/www.giurgiuveanul.ro\/stiri\/wp-content\/uploads\/2017\/07\/d198bce0510ef431abf3c33b59c7e78d8845944f.jpg\"><img loading=\"lazy\" decoding=\"async\" class=\"aligncenter size-large wp-image-42713\" src=\"https:\/\/www.giurgiuveanul.ro\/stiri\/wp-content\/uploads\/2017\/07\/d198bce0510ef431abf3c33b59c7e78d8845944f-560x378.jpg\" alt=\"d198bce0510ef431abf3c33b59c7e78d8845944f\" width=\"560\" height=\"378\" srcset=\"https:\/\/www.giurgiuveanul.ro\/stiri\/wp-content\/uploads\/2017\/07\/d198bce0510ef431abf3c33b59c7e78d8845944f-560x378.jpg 560w, https:\/\/www.giurgiuveanul.ro\/stiri\/wp-content\/uploads\/2017\/07\/d198bce0510ef431abf3c33b59c7e78d8845944f-250x169.jpg 250w, https:\/\/www.giurgiuveanul.ro\/stiri\/wp-content\/uploads\/2017\/07\/d198bce0510ef431abf3c33b59c7e78d8845944f-400x270.jpg 400w, https:\/\/www.giurgiuveanul.ro\/stiri\/wp-content\/uploads\/2017\/07\/d198bce0510ef431abf3c33b59c7e78d8845944f.jpg 604w\" sizes=\"auto, (max-width: 560px) 100vw, 560px\" \/><\/a>Scriam \u00een data de 30 iunie 2017 tot \u00een Giurgiuveanul, \u015fi nu \u015ftiam notele de la bacalaureat din acest an!, urm\u0103toarele:<!--more--><\/p>\n<p style=\"text-align: justify;\"><em>S\u0103 fie oare acesta motivul pentru care, de c\u00e2\u0163iva ani, Giurgiu, elevii din Giurgiu, se num\u0103r\u0103 printre coda\u015fii clasamentelor \u2013 <\/em><em>se fac \u015fi din astea!- la nivel na\u0163ional? Inspectoratul \u015ecolar Jude\u0163ean, conducerile \u015fcolilor, cadrele didactice \u015fi nu \u00een ultimul r\u00e2nd elevii sunt\u00a0 chema\u0163i\u00a0 s\u0103 arate prin rezultate c\u0103 \u015fi pe Vla\u015fca tr\u0103iesc \u015fi \u00eenva\u0163\u0103 elevi la fel de dota\u0163i ca to\u0163i din \u0163ar\u0103.<\/em><\/p>\n<p style=\"text-align: justify;\">Am aflat c\u0103 Giurgiu, \u015fi \u00een acest an, este ULTIMUL jude\u0163, cu o medie de reu\u015fit\u0103 la bacalaureat cu pu\u0163in peste 50% \u00a0fa\u0163\u0103 de num\u0103rul elevilor \u00eenscris\u015fi.<\/p>\n<p style=\"text-align: justify;\">Nu este de discutat de ce elevii\u00a0 altor jude\u0163e, ex. Sibiu, Cluj&#8230;, au o\u0163inut rezultate\u00a0 \u00een procente de 80%. Nu discut\u0103m nici dac\u0103 forma sub care se desf\u0103\u015foar\u0103 bacalaureatul este cea mai bun\u0103! Acela\u015fi bacalaureat a fost peste tot \u00een \u0163ar\u0103. Rezultatele\u00a0 de ce au fost at\u00e2t de diferite?<\/p>\n<p style=\"text-align: justify;\">\u00centrebarea\u00a0 nu este nici cine se face vinovat de o asemenea situa\u0163ie, ci s\u0103 afl\u0103m c\u00e2t mai repede ce este de f\u0103cut? \u015fi asta pentru c\u0103 bacalaureatul nu este o competi\u0163ie!, dar este \u015fi a\u015fa ceva, acest barometru\u00a0 ne indic\u0103 o temperatur\u0103 ridicat\u0103\u00a1! Un diagnostic se impune a fi stabilit!<\/p>\n<p style=\"text-align: justify;\">\u015etiu c\u0103 ne iubim copiii \u015fi mai \u015ftiu c\u0103 SCOALA este domeniul \u00een care rabatul de orice fel nu este permis! Vreau s\u0103 cred c\u0103 \u015fi elevii giurgiuveni sunt la fel de dota\u0163i,la fel de preocupa\u0163i de ceea ce vor s\u0103 fac\u0103 \u00een via\u0163\u0103 \u015fi p\u0103rin\u0163ii de pe Vla\u015fca sunt la fel de iubitori \u015fi p\u0103trun\u015fi de grija copiilor!<\/p>\n<p style=\"text-align: justify;\">S\u0103 fie oare mai mici cei \u015fapte ani de acas\u0103 ai copiilor din Giurgiu? Probabil!<\/p>\n<p style=\"text-align: justify;\"><strong>\u00a0<\/strong><\/p>\n<p style=\"text-align: justify;\"><strong>\u00a0<\/strong><\/p>\n<p style=\"text-align: justify;\"><strong>Gh.C.Br.<\/strong><\/p>\n","protected":false},"excerpt":{"rendered":"<p>Scriam \u00een data de 30 iunie 2017 tot \u00een Giurgiuveanul, \u015fi nu \u015ftiam notele de la bacalaureat din acest an!, urm\u0103toarele:<\/p>\n","protected":false},"author":1,"featured_media":0,"comment_status":"open","ping_status":"open","sticky":false,"template":"","format":"standard","meta":{"footnotes":""},"categories":[21],"tags":[],"class_list":["post-42712","post","type-post","status-publish","format-standard","hentry","category-opinia-mea"],"_links":{"self":[{"href":"https:\/\/www.giurgiuveanul.ro\/stiri\/wp-json\/wp\/v2\/posts\/42712","targetHints":{"allow":["GET"]}}],"collection":[{"href":"https:\/\/www.giurgiuveanul.ro\/stiri\/wp-json\/wp\/v2\/posts"}],"about":[{"href":"https:\/\/www.giurgiuveanul.ro\/stiri\/wp-json\/wp\/v2\/types\/post"}],"author":[{"embeddable":true,"href":"https:\/\/www.giurgiuveanul.ro\/stiri\/wp-json\/wp\/v2\/users\/1"}],"replies":[{"embeddable":true,"href":"https:\/\/www.giurgiuveanul.ro\/stiri\/wp-json\/wp\/v2\/comments?post=42712"}],"version-history":[{"count":0,"href":"https:\/\/www.giurgiuveanul.ro\/stiri\/wp-json\/wp\/v2\/posts\/42712\/revisions"}],"wp:attachment":[{"href":"https:\/\/www.giurgiuveanul.ro\/stiri\/wp-json\/wp\/v2\/media?parent=42712"}],"wp:term":[{"taxonomy":"category","embeddable":true,"href":"https:\/\/www.giurgiuveanul.ro\/stiri\/wp-json\/wp\/v2\/categories?post=42712"},{"taxonomy":"post_tag","embeddable":true,"href":"https:\/\/www.giurgiuveanul.ro\/stiri\/wp-json\/wp\/v2\/tags?post=42712"}],"curies":[{"name":"wp","href":"https:\/\/api.w.org\/{rel}","templated":true}]}}