{"id":42810,"date":"2017-07-09T10:46:38","date_gmt":"2017-07-09T07:46:38","guid":{"rendered":"https:\/\/www.giurgiuveanul.ro\/stiri\/?p=42810"},"modified":"2017-07-09T10:46:38","modified_gmt":"2017-07-09T07:46:38","slug":"tot-de-ale-scolii","status":"publish","type":"post","link":"https:\/\/www.giurgiuveanul.ro\/stiri\/tot-de-ale-scolii\/","title":{"rendered":"Tot de-ale \u015fcolii"},"content":{"rendered":"<p style=\"text-align: justify;\"><a href=\"https:\/\/www.giurgiuveanul.ro\/stiri\/wp-content\/uploads\/2017\/07\/desert-cactus-hd-538567.jpg\"><img loading=\"lazy\" decoding=\"async\" class=\"aligncenter size-large wp-image-42811\" src=\"https:\/\/www.giurgiuveanul.ro\/stiri\/wp-content\/uploads\/2017\/07\/desert-cactus-hd-538567-560x420.jpg\" alt=\"desert-cactus-hd-538567\" width=\"560\" height=\"420\" srcset=\"https:\/\/www.giurgiuveanul.ro\/stiri\/wp-content\/uploads\/2017\/07\/desert-cactus-hd-538567-560x420.jpg 560w, https:\/\/www.giurgiuveanul.ro\/stiri\/wp-content\/uploads\/2017\/07\/desert-cactus-hd-538567-250x188.jpg 250w, https:\/\/www.giurgiuveanul.ro\/stiri\/wp-content\/uploads\/2017\/07\/desert-cactus-hd-538567-400x300.jpg 400w, https:\/\/www.giurgiuveanul.ro\/stiri\/wp-content\/uploads\/2017\/07\/desert-cactus-hd-538567.jpg 1600w\" sizes=\"auto, (max-width: 560px) 100vw, 560px\" \/><\/a>S-a terminat \u015fi bacalaureatul \u0103sta. S-a constatat c\u0103,\u00a0<!--more--><span style=\"text-decoration: underline;\">statistic<\/span><em>,<\/em> rezultatele sunt mai bune dec\u00e2t \u00een anii trecu\u0163i.\u00a0 Am subliniat cuv\u00e2ntul <em>statistic,<\/em> pentru c\u0103, \u00een cazul \u00een care este vorba despre om, statistica este cinic\u0103! Ori spune adev\u0103ruri care mai bine-ar fi s\u0103 nu fie \u015ftiute, fie eviden\u0163iaz\u0103 adev\u0103ruri\u00a0 \u00een\u015fel\u0103toare.<\/p>\n<p style=\"text-align: justify;\">Constat\u00e2ndu-se o realitate evident\u0103, s-a ajuns la concluzia, a c\u00e2ta oar\u0103!?, c\u0103 posibilit\u0103\u0163ile intelectuale ale oamenilor nu sunt egale, de unde \u015fi convingerea c\u0103 un bacalaureat diferen\u0163iat se impune!<\/p>\n<p style=\"text-align: justify;\">A fost necesar acest lucru, de cum s-au desfiin\u0163at \u015fcolile profesionale! \u00a0Desfiin\u0163area \u00eenv\u0103\u0163\u0103m\u00e2ntului profesional la un moment dat , consecin\u0163\u0103 diabolic\u0103 a extinderii rapide a <em>cimitirului de fiare vechi<\/em>, cum \u00een chip obraznic \u015fi arogant s-a exprimat atunci un pretins atot\u015ftiutor, a produs o falie \u00een mentalitatea tineretului \u015fcolar.<\/p>\n<p style=\"text-align: justify;\">Odat\u0103 cu \u015fcoala profesional\u0103 desfiin\u0163at\u0103 s-a surpat \u015fi ceva \u00een con\u015ftiin\u0163a elevului cu posibilit\u0103\u0163i intelectuale mai limitate care, \u00een timp, \u00eenv\u0103\u0163ase s\u0103-\u015fi simt\u0103 locul la\u00a0 \u00eenv\u0103\u0163\u0103m\u00e2ntul profesional \u015fi tehnic, deloc dezonorant!, dar potrivit cu posibilit\u0103\u0163ile sale .<\/p>\n<p style=\"text-align: justify;\">Orientarea tuturor elevilor spre \u00eenv\u0103\u0163\u0103m\u00e2ntul liceal, SAM-urile \u015fi liceele tehnologie fiind doar forme hibride de a salva ceea ce se mai putea din ceea ce fusese \u00eenv\u0103\u0163\u0103m\u00e2ntul profesional \u015fi tehnic, a creat o fals\u0103 iluzie ca posibilitate de afirmare a tinerilor, o <em>fata morgana<\/em> pentru to\u0163i! , \u015fi asta pentru a se abate aten\u0163ia de la dispari\u0163ia aproape total\u0103\u00a0 a industriei noastre rom\u00e2ne\u015fti. E drept, cu anumite obiective supradimensionate, energofage\u00a0 \u00een cea mai mare parte a lor.C\u0103l\u0103ra\u015fi, Tulcea, Ia\u015fi, Hunedoara, Bra\u015fov, Giurgiu&#8230;., sunt doar c\u00e2teva dintre ora\u015fele \u00een care par\u0163ial sau \u00een totalitate au disp\u0103rut odat\u0103 cu obiectivele industriale mari \u015fi grupurile \u015fcolare industriale ap\u0103rute, firesc \u015fi necesar, pe l\u00e2ng\u0103 acestea!<\/p>\n<p style=\"text-align: justify;\">Paranghelie?<\/p>\n<p style=\"text-align: justify;\">La B\u0103neasa \u2013Giurgiu, cu ani \u00een urm\u0103, a fost una dintre cele mai mari sta\u0163iuni\u00a0 de cecet\u0103ri FAO. Cu cel mai modern sistem de iriga\u0163ii.<\/p>\n<p style=\"text-align: justify;\">Unul dintre cele mai r\u0103sun\u0103toare procese din ultimii ani a fost \u00een leg\u0103tur\u0103 cu Sta\u0163iunea de Cecet\u0103ri Agricole B\u00e2neasa Giurgiu!\u00a0 Pe acelea\u015fi terenuri.<\/p>\n<p style=\"text-align: justify;\">Un neam\u0163, Josef Jacobs,\u00a0 tot la B\u0103neasa, a dezvoltat o afacere de succes cultiv\u00e2nd \u00a0100 ha. cu sparanghel!<\/p>\n<p style=\"text-align: justify;\">Ce simplu, un singur s pus \u00een fa\u0163\u0103!<\/p>\n<p style=\"text-align: justify;\">E drept, dar trebuia un cap de neam\u0163!<\/p>\n<p style=\"text-align: justify;\"><span style=\"text-decoration: underline;\">Not\u0103:<\/span> Prin anii 1960, Tudor Arghezi, \u00eenvitat s\u0103 vad\u0103 studiourile cinematografice de la Buftea, s-a minunat, dar a \u00eentrebat: &#8211;<em>dar unde sunt nem\u0163ii?<\/em><\/p>\n<p style=\"text-align: justify;\">Un cap de neam\u0163 ar salva prestigiul \u00eenv\u0103\u0163\u0103m\u00e2ntului giurgiuvean aflat de mai mul\u0163i ani pe ultimele locuri \u00een statistici oficiale?<\/p>\n<p style=\"text-align: justify;\">Oare de ce au \u0163epi cactu\u015fii?<\/p>\n<p style=\"text-align: justify;\">\n<p style=\"text-align: center;\"><em>Gh.C.Br.<\/em><\/p>\n","protected":false},"excerpt":{"rendered":"<p>S-a terminat \u015fi bacalaureatul \u0103sta. S-a constatat c\u0103,\u00a0<\/p>\n","protected":false},"author":1,"featured_media":0,"comment_status":"open","ping_status":"open","sticky":false,"template":"","format":"standard","meta":{"footnotes":""},"categories":[21],"tags":[],"class_list":["post-42810","post","type-post","status-publish","format-standard","hentry","category-opinia-mea"],"_links":{"self":[{"href":"https:\/\/www.giurgiuveanul.ro\/stiri\/wp-json\/wp\/v2\/posts\/42810","targetHints":{"allow":["GET"]}}],"collection":[{"href":"https:\/\/www.giurgiuveanul.ro\/stiri\/wp-json\/wp\/v2\/posts"}],"about":[{"href":"https:\/\/www.giurgiuveanul.ro\/stiri\/wp-json\/wp\/v2\/types\/post"}],"author":[{"embeddable":true,"href":"https:\/\/www.giurgiuveanul.ro\/stiri\/wp-json\/wp\/v2\/users\/1"}],"replies":[{"embeddable":true,"href":"https:\/\/www.giurgiuveanul.ro\/stiri\/wp-json\/wp\/v2\/comments?post=42810"}],"version-history":[{"count":0,"href":"https:\/\/www.giurgiuveanul.ro\/stiri\/wp-json\/wp\/v2\/posts\/42810\/revisions"}],"wp:attachment":[{"href":"https:\/\/www.giurgiuveanul.ro\/stiri\/wp-json\/wp\/v2\/media?parent=42810"}],"wp:term":[{"taxonomy":"category","embeddable":true,"href":"https:\/\/www.giurgiuveanul.ro\/stiri\/wp-json\/wp\/v2\/categories?post=42810"},{"taxonomy":"post_tag","embeddable":true,"href":"https:\/\/www.giurgiuveanul.ro\/stiri\/wp-json\/wp\/v2\/tags?post=42810"}],"curies":[{"name":"wp","href":"https:\/\/api.w.org\/{rel}","templated":true}]}}