{"id":43199,"date":"2017-07-20T08:28:29","date_gmt":"2017-07-20T05:28:29","guid":{"rendered":"https:\/\/www.giurgiuveanul.ro\/stiri\/?p=43199"},"modified":"2017-07-20T08:28:29","modified_gmt":"2017-07-20T05:28:29","slug":"ce-nume-se-sarbatoresc-astazi-spune-le-la-multi-ani-celor-dragi","status":"publish","type":"post","link":"https:\/\/www.giurgiuveanul.ro\/stiri\/ce-nume-se-sarbatoresc-astazi-spune-le-la-multi-ani-celor-dragi\/","title":{"rendered":"Ce nume se s\u0103rb\u0103toresc ast\u0103zi: spune-le LA MUL\u0162I ANI celor dragi!"},"content":{"rendered":"<p style=\"text-align: justify;\"><strong><a href=\"https:\/\/www.giurgiuveanul.ro\/stiri\/wp-content\/uploads\/2017\/07\/ilie.jpg\"><img loading=\"lazy\" decoding=\"async\" class=\"aligncenter size-large wp-image-43200\" src=\"https:\/\/www.giurgiuveanul.ro\/stiri\/wp-content\/uploads\/2017\/07\/ilie-306x450.jpg\" alt=\"ilie\" width=\"306\" height=\"450\" srcset=\"https:\/\/www.giurgiuveanul.ro\/stiri\/wp-content\/uploads\/2017\/07\/ilie-306x450.jpg 306w, https:\/\/www.giurgiuveanul.ro\/stiri\/wp-content\/uploads\/2017\/07\/ilie-204x300.jpg 204w, https:\/\/www.giurgiuveanul.ro\/stiri\/wp-content\/uploads\/2017\/07\/ilie-400x589.jpg 400w, https:\/\/www.giurgiuveanul.ro\/stiri\/wp-content\/uploads\/2017\/07\/ilie.jpg 500w\" sizes=\"auto, (max-width: 306px) 100vw, 306px\" \/><\/a>Ast\u0103zi este s\u0103rb\u0103toarea <!--more-->Sf\u00e2ntului Prooroc Ilie Tesviteanul. Cu ocazia s\u0103rb\u0103toririi numelui de Ilie, primi\u0163i, dragi cititori \u00eemodobi\u0163i cu acest nume, un c\u0103lduros &#8222;La Mul\u0163i Ani!&#8221;, mult\u0103 s\u0103n\u0103tate, multe realiz\u0103ri \u015fi tot ce v\u0103 dori\u0163i l\u00e2ng\u0103 cei dragi! La mul\u0163i ani, Ilie! La mul\u0163i ani, Ilinca!<\/strong><\/p>\n<p style=\"text-align: justify;\">Dintre rom\u00e2nii aniversa\u0163i de Sf\u00e2ntul Prooroc Ilie Tesviteanul, cei mai mul\u0163i sunt b\u0103rba\u0163i.<\/p>\n<p style=\"text-align: justify;\">Conform statisticilor Direc\u0163iei pentru Eviden\u0163a Persoanelor \u015fi Administrarea Bazelor de Date din cadrul Ministerului Administra\u0163iei \u015fi Internelor, majoritatea rom\u00e2nilor care \u00ee\u015fi s\u0103rb\u0103toresc onomastica de Sf\u00e2ntul Prooroc Ilie Tesviteanul, poart\u0103 numele de Ilie, Iliu\u0163\u0103, iar Lic\u0103 Eliade, Ilie\u015f \u015fi Iliu\u015f. Statisticilor puse la dispozi\u0163ie de structura specializat\u0103 a Ministerului Administra\u0163iei \u015fi Internelor, arat\u0103 c\u0103 majoritatea femeilor, poart\u0103 numele Ilinca, Liana. Lia, Iliana \u015fi Lica. La data de 20 iulie, Biserica Ortodox\u0103 Rom\u00e2n\u0103 s\u0103rb\u0103tore\u0219te ridicarea la cer a Sf\u00e2ntului Mare Proroc Ilie, Tesviteanul.<\/p>\n<p style=\"text-align: justify;\">Unul dintre cei mai importan\u021bi prooroci din Vechiul Testament, Sf. Ilie este celebrat ca un mare f\u0103c\u0103tor de minuni \u0219i aduc\u0103tor de ploi \u00een vreme de secet\u0103.<\/p>\n<p style=\"text-align: justify;\">Potrivit tradi\u021biilor, de Sf\u00e2ntul Ilie se man\u00e2nc\u0103, pentru prima dat\u0103, roada nou\u0103 de mere \u0219i de struguri, nuci \u0219i alune. Sf. Ilie este considerat \u0219i patronul apicultorilor: \u00een aceast\u0103 zi, la sate, apicultorii recoltau mierea de albine, activitate cunoscut\u0103 sub denumirea de &#8222;retezatul stupilor&#8221;.<\/p>\n<p style=\"text-align: justify;\">S\u0103rb\u0103toarea Sf\u00e2ntului Prooroc Ilie Tesviteanul, cunoscut ca patron spiritual \u015fi protector al aviatorilor rom\u00e2ni, este \u015fi prilej de omagiere \u015fi aniversare a pionierilor aerului.<\/p>\n","protected":false},"excerpt":{"rendered":"<p>Ast\u0103zi este s\u0103rb\u0103toarea<\/p>\n","protected":false},"author":1,"featured_media":0,"comment_status":"open","ping_status":"open","sticky":false,"template":"","format":"standard","meta":{"footnotes":""},"categories":[16],"tags":[],"class_list":["post-43199","post","type-post","status-publish","format-standard","hentry","category-astazi-e-ziua-ta"],"_links":{"self":[{"href":"https:\/\/www.giurgiuveanul.ro\/stiri\/wp-json\/wp\/v2\/posts\/43199","targetHints":{"allow":["GET"]}}],"collection":[{"href":"https:\/\/www.giurgiuveanul.ro\/stiri\/wp-json\/wp\/v2\/posts"}],"about":[{"href":"https:\/\/www.giurgiuveanul.ro\/stiri\/wp-json\/wp\/v2\/types\/post"}],"author":[{"embeddable":true,"href":"https:\/\/www.giurgiuveanul.ro\/stiri\/wp-json\/wp\/v2\/users\/1"}],"replies":[{"embeddable":true,"href":"https:\/\/www.giurgiuveanul.ro\/stiri\/wp-json\/wp\/v2\/comments?post=43199"}],"version-history":[{"count":0,"href":"https:\/\/www.giurgiuveanul.ro\/stiri\/wp-json\/wp\/v2\/posts\/43199\/revisions"}],"wp:attachment":[{"href":"https:\/\/www.giurgiuveanul.ro\/stiri\/wp-json\/wp\/v2\/media?parent=43199"}],"wp:term":[{"taxonomy":"category","embeddable":true,"href":"https:\/\/www.giurgiuveanul.ro\/stiri\/wp-json\/wp\/v2\/categories?post=43199"},{"taxonomy":"post_tag","embeddable":true,"href":"https:\/\/www.giurgiuveanul.ro\/stiri\/wp-json\/wp\/v2\/tags?post=43199"}],"curies":[{"name":"wp","href":"https:\/\/api.w.org\/{rel}","templated":true}]}}