{"id":436,"date":"2012-11-06T18:55:30","date_gmt":"2012-11-06T16:55:30","guid":{"rendered":"https:\/\/www.giurgiuveanul.ro\/stiri\/?p=436"},"modified":"2012-11-06T18:57:45","modified_gmt":"2012-11-06T16:57:45","slug":"arata-mai-bine-acum-50-de-ani-sau-este-mai-frumoasa-in-prezent","status":"publish","type":"post","link":"https:\/\/www.giurgiuveanul.ro\/stiri\/arata-mai-bine-acum-50-de-ani-sau-este-mai-frumoasa-in-prezent\/","title":{"rendered":"Ar\u0103ta mai bine acum 50 de ani sau este mai frumoas\u0103 \u00een prezent?"},"content":{"rendered":"<p style=\"text-align: justify;\"><strong><a href=\"https:\/\/www.giurgiuveanul.ro\/stiri\/wp-content\/uploads\/2012\/11\/Cladire-de-pe-strada-G\u0103rii-acum-si-in-urma-cu-50-de-ani.jpg\"><img loading=\"lazy\" decoding=\"async\" class=\"aligncenter size-large wp-image-437\" title=\"Cladire de pe strada G\u0103rii acum si in urma cu 50 de ani\" src=\"https:\/\/www.giurgiuveanul.ro\/stiri\/wp-content\/uploads\/2012\/11\/Cladire-de-pe-strada-G\u0103rii-acum-si-in-urma-cu-50-de-ani-560x199.jpg\" alt=\"\" width=\"560\" height=\"199\" srcset=\"https:\/\/www.giurgiuveanul.ro\/stiri\/wp-content\/uploads\/2012\/11\/Cladire-de-pe-strada-G\u0103rii-acum-si-in-urma-cu-50-de-ani-560x199.jpg 560w, https:\/\/www.giurgiuveanul.ro\/stiri\/wp-content\/uploads\/2012\/11\/Cladire-de-pe-strada-G\u0103rii-acum-si-in-urma-cu-50-de-ani-250x89.jpg 250w, https:\/\/www.giurgiuveanul.ro\/stiri\/wp-content\/uploads\/2012\/11\/Cladire-de-pe-strada-G\u0103rii-acum-si-in-urma-cu-50-de-ani.jpg 1000w\" sizes=\"auto, (max-width: 560px) 100vw, 560px\" \/><\/a><\/strong><\/p>\n<p style=\"text-align: justify;\"><strong>V\u0103 prezent\u0103m \u00een imaginile al\u0103turate o cl\u0103dire din Giurgiu, de pe strada G\u0103rii, de la nr.35, \u00een prezent dar \u0219i cum ar\u0103ta \u00een urm\u0103 cu circa 50 de ani. Crede\u0163i c\u0103 ar\u0103ta mai bine atunci sau acum?\u00a0<!--more--><\/strong><\/p>\n<p style=\"text-align: justify;\"><strong>A\u015ftept\u0103m comentariile voastre.<\/strong><\/p>\n","protected":false},"excerpt":{"rendered":"<p>V\u0103 prezent\u0103m \u00een imaginile al\u0103turate o cl\u0103dire din Giurgiu, de pe strada G\u0103rii, de la nr.35, \u00een prezent dar \u0219i cum ar\u0103ta \u00een urm\u0103 cu circa 50 de ani. Crede\u0163i c\u0103 ar\u0103ta mai bine atunci sau acum?\u00a0<\/p>\n","protected":false},"author":2,"featured_media":0,"comment_status":"open","ping_status":"open","sticky":false,"template":"","format":"standard","meta":{"footnotes":""},"categories":[14],"tags":[],"class_list":["post-436","post","type-post","status-publish","format-standard","hentry","category-la-inchiderea-editiei"],"_links":{"self":[{"href":"https:\/\/www.giurgiuveanul.ro\/stiri\/wp-json\/wp\/v2\/posts\/436","targetHints":{"allow":["GET"]}}],"collection":[{"href":"https:\/\/www.giurgiuveanul.ro\/stiri\/wp-json\/wp\/v2\/posts"}],"about":[{"href":"https:\/\/www.giurgiuveanul.ro\/stiri\/wp-json\/wp\/v2\/types\/post"}],"author":[{"embeddable":true,"href":"https:\/\/www.giurgiuveanul.ro\/stiri\/wp-json\/wp\/v2\/users\/2"}],"replies":[{"embeddable":true,"href":"https:\/\/www.giurgiuveanul.ro\/stiri\/wp-json\/wp\/v2\/comments?post=436"}],"version-history":[{"count":0,"href":"https:\/\/www.giurgiuveanul.ro\/stiri\/wp-json\/wp\/v2\/posts\/436\/revisions"}],"wp:attachment":[{"href":"https:\/\/www.giurgiuveanul.ro\/stiri\/wp-json\/wp\/v2\/media?parent=436"}],"wp:term":[{"taxonomy":"category","embeddable":true,"href":"https:\/\/www.giurgiuveanul.ro\/stiri\/wp-json\/wp\/v2\/categories?post=436"},{"taxonomy":"post_tag","embeddable":true,"href":"https:\/\/www.giurgiuveanul.ro\/stiri\/wp-json\/wp\/v2\/tags?post=436"}],"curies":[{"name":"wp","href":"https:\/\/api.w.org\/{rel}","templated":true}]}}