{"id":43770,"date":"2017-08-06T12:23:13","date_gmt":"2017-08-06T09:23:13","guid":{"rendered":"https:\/\/www.giurgiuveanul.ro\/stiri\/?p=43770"},"modified":"2017-08-06T12:23:38","modified_gmt":"2017-08-06T09:23:38","slug":"la-multi-ani-domnule-colonel-emil-apostol-2","status":"publish","type":"post","link":"https:\/\/www.giurgiuveanul.ro\/stiri\/la-multi-ani-domnule-colonel-emil-apostol-2\/","title":{"rendered":"La Mul\u021bi Ani, domnule colonel Emil Apostol!"},"content":{"rendered":"<p style=\"text-align: justify;\"><a href=\"https:\/\/www.giurgiuveanul.ro\/stiri\/wp-content\/uploads\/2017\/08\/apostol.jpg\"><img loading=\"lazy\" decoding=\"async\" class=\"aligncenter size-large wp-image-43771\" src=\"https:\/\/www.giurgiuveanul.ro\/stiri\/wp-content\/uploads\/2017\/08\/apostol-537x450.jpg\" alt=\"apostol\" width=\"537\" height=\"450\" srcset=\"https:\/\/www.giurgiuveanul.ro\/stiri\/wp-content\/uploads\/2017\/08\/apostol-537x450.jpg 537w, https:\/\/www.giurgiuveanul.ro\/stiri\/wp-content\/uploads\/2017\/08\/apostol-250x210.jpg 250w, https:\/\/www.giurgiuveanul.ro\/stiri\/wp-content\/uploads\/2017\/08\/apostol-400x336.jpg 400w, https:\/\/www.giurgiuveanul.ro\/stiri\/wp-content\/uploads\/2017\/08\/apostol.jpg 800w\" sizes=\"auto, (max-width: 537px) 100vw, 537px\" \/><\/a>Ast\u0103zi, 6 august, de s\u0103rb\u0103toarea \u201eSchimbarea la Fa\u0163\u0103 a Domnului\u201d <!--more-->\u00ee\u0219i aniverseaz\u0103 ziua de na\u0219tere <strong>domnul colonel Emil Apostol<\/strong>, inspectorul \u015fef al Inspectoratului pentru Situa\u0163ii de Urgen\u0163\u0103 \u201eVla\u015fca\u201d al jude\u0163ului Giurgiu, cel care a schimbat total\u00a0imaginea institu\u0163iei pe care cu onoare o conduce, ridic\u00e2ndu-o la cele mai \u00eenalte standarde.<\/p>\n<p style=\"text-align: justify;\">Redac\u021bia noastr\u0103 se al\u0103tur\u0103 tuturor celor care, la ceas aniversar, \u00eei transmit o sincer\u0103 urare de bine, s\u0103n\u0103tate, prosperitate \u0219i bucurii al\u0103turi de cei dragi!<\/p>\n<p style=\"text-align: justify;\"><em>La Mul\u021bi Ani, domnule colonel Emil Apostol!<\/em><\/p>\n","protected":false},"excerpt":{"rendered":"<p>Ast\u0103zi, 6 august, de s\u0103rb\u0103toarea \u201eSchimbarea la Fa\u0163\u0103 a Domnului\u201d<\/p>\n","protected":false},"author":1,"featured_media":0,"comment_status":"open","ping_status":"open","sticky":false,"template":"","format":"standard","meta":{"footnotes":""},"categories":[16],"tags":[],"class_list":["post-43770","post","type-post","status-publish","format-standard","hentry","category-astazi-e-ziua-ta"],"_links":{"self":[{"href":"https:\/\/www.giurgiuveanul.ro\/stiri\/wp-json\/wp\/v2\/posts\/43770","targetHints":{"allow":["GET"]}}],"collection":[{"href":"https:\/\/www.giurgiuveanul.ro\/stiri\/wp-json\/wp\/v2\/posts"}],"about":[{"href":"https:\/\/www.giurgiuveanul.ro\/stiri\/wp-json\/wp\/v2\/types\/post"}],"author":[{"embeddable":true,"href":"https:\/\/www.giurgiuveanul.ro\/stiri\/wp-json\/wp\/v2\/users\/1"}],"replies":[{"embeddable":true,"href":"https:\/\/www.giurgiuveanul.ro\/stiri\/wp-json\/wp\/v2\/comments?post=43770"}],"version-history":[{"count":0,"href":"https:\/\/www.giurgiuveanul.ro\/stiri\/wp-json\/wp\/v2\/posts\/43770\/revisions"}],"wp:attachment":[{"href":"https:\/\/www.giurgiuveanul.ro\/stiri\/wp-json\/wp\/v2\/media?parent=43770"}],"wp:term":[{"taxonomy":"category","embeddable":true,"href":"https:\/\/www.giurgiuveanul.ro\/stiri\/wp-json\/wp\/v2\/categories?post=43770"},{"taxonomy":"post_tag","embeddable":true,"href":"https:\/\/www.giurgiuveanul.ro\/stiri\/wp-json\/wp\/v2\/tags?post=43770"}],"curies":[{"name":"wp","href":"https:\/\/api.w.org\/{rel}","templated":true}]}}