{"id":43881,"date":"2017-08-09T09:27:29","date_gmt":"2017-08-09T06:27:29","guid":{"rendered":"https:\/\/www.giurgiuveanul.ro\/stiri\/?p=43881"},"modified":"2017-08-09T09:27:29","modified_gmt":"2017-08-09T06:27:29","slug":"dreptul-la-istorie","status":"publish","type":"post","link":"https:\/\/www.giurgiuveanul.ro\/stiri\/dreptul-la-istorie\/","title":{"rendered":"Dreptul la istorie"},"content":{"rendered":"<p style=\"text-align: justify;\"><a href=\"https:\/\/www.giurgiuveanul.ro\/stiri\/wp-content\/uploads\/2017\/08\/pag-12-marasesti-938x535.jpg\"><img loading=\"lazy\" decoding=\"async\" class=\"aligncenter size-large wp-image-43882\" src=\"https:\/\/www.giurgiuveanul.ro\/stiri\/wp-content\/uploads\/2017\/08\/pag-12-marasesti-938x535-560x319.jpg\" alt=\"pag-12-marasesti-938x535\" width=\"560\" height=\"319\" srcset=\"https:\/\/www.giurgiuveanul.ro\/stiri\/wp-content\/uploads\/2017\/08\/pag-12-marasesti-938x535-560x319.jpg 560w, https:\/\/www.giurgiuveanul.ro\/stiri\/wp-content\/uploads\/2017\/08\/pag-12-marasesti-938x535-250x143.jpg 250w, https:\/\/www.giurgiuveanul.ro\/stiri\/wp-content\/uploads\/2017\/08\/pag-12-marasesti-938x535-400x228.jpg 400w, https:\/\/www.giurgiuveanul.ro\/stiri\/wp-content\/uploads\/2017\/08\/pag-12-marasesti-938x535.jpg 938w\" sizes=\"auto, (max-width: 560px) 100vw, 560px\" \/><\/a>La data de <!--more-->6 august 2017, PENTRU SLAVA EROILOR NEAMULUI, a fost organizat\u0103 la M\u0103r\u0103\u015fe\u015fti comemorarea a 100 de ani de la ceea ce cartea de istorie a consemnat ca B\u0102T\u0102LIA DE LA M\u0102R\u0102\u015eE\u015eTI.<\/p>\n<p style=\"text-align: justify;\">\u00centreaga manifestare a fost un imn inchinat spre aducere aminte a celor 480 de ofi\u0163eri \u015fi 21.000 de solda\u0163i rom\u00e2ni care, \u00eentre 6 \u015fi 19 august 1917, au scris cu s\u00e2nge dreptul la istorie!<\/p>\n<p style=\"text-align: justify;\">A fost, cred eu, cea mai frumoas\u0103 lec\u0163ie de istorie predat\u0103 tinerilor care ar trebui s\u0103 \u015ftie c\u0103 Rom\u00e2nia a avut militari bravi care au \u015ftiut s\u0103 o apere.<\/p>\n<p style=\"text-align: justify;\">Lec\u0163ie de istorie fiind, \u015fi nu cred c\u0103 este o deformare profesional\u0103, \u00eemi permit s\u0103 formulez c\u00e2teva observa\u0163ii:<\/p>\n<p style=\"text-align: justify;\">De ce nu s-a cerut un mesaj Majest\u0103\u0163ii Sale regele Mihai? Starea s\u0103n\u0103t\u0103\u0163ii \u015fi v\u00e2rsta nu-i mai permiteau s\u0103 fie prezent. Evenimentul are leg\u0103tur\u0103 cu familia regal\u0103 !<\/p>\n<p style=\"text-align: justify;\">De ce nu au fost prezen\u0163i fo\u015ftii pre\u015fedin\u0163i Ion Iliescu, Emil Constantinescu \u015fi Traian B\u0103sescu? Dreptul la istorie, indiferent de preferin\u0163ele politice \u015fi de partid ale unora dintre noi, nu li se poate lua. Ar fi trebuit s\u0103-i invite cineva? Dac\u0103 da, de ce nu au f\u0103cut-o?<\/p>\n<p style=\"text-align: justify;\">De ce presa, aproape toat\u0103 presa!, a prezentat cu evident\u0103 ironie momentul c\u00e2nd, pentru VE\u015eNIC\u0102 POMENIRE, cei trei oameni cu r\u0103spundere \u00een stat au ridicat farfuria cu sf\u00e2nta coliv\u0103?<\/p>\n<p style=\"text-align: justify;\">De ce\u00a0 presa, ca \u015fi cum i s-ar fi cerut asta!, a sus\u0163inut c\u0103 oamenii ar fi fost adu\u015fi cu for\u0163a?<\/p>\n<p style=\"text-align: justify;\">\u015ei chiar de ar fi fost invita\u0163i, ce e r\u0103u \u00een asta?<\/p>\n<p style=\"text-align: justify;\">Dreptul la istorie este \u00een egal\u0103 m\u0103sur\u0103 \u015fi datorie! Nu trebuie s\u0103 ne fie indiferent modul cum se scrie istoria de noi tr\u0103it\u0103!<\/p>\n<p style=\"text-align: justify;\">\n<p style=\"text-align: justify;\">Gh.C.Br.<\/p>\n","protected":false},"excerpt":{"rendered":"<p>La data de<\/p>\n","protected":false},"author":1,"featured_media":0,"comment_status":"open","ping_status":"open","sticky":false,"template":"","format":"standard","meta":{"footnotes":""},"categories":[21],"tags":[],"class_list":["post-43881","post","type-post","status-publish","format-standard","hentry","category-opinia-mea"],"_links":{"self":[{"href":"https:\/\/www.giurgiuveanul.ro\/stiri\/wp-json\/wp\/v2\/posts\/43881","targetHints":{"allow":["GET"]}}],"collection":[{"href":"https:\/\/www.giurgiuveanul.ro\/stiri\/wp-json\/wp\/v2\/posts"}],"about":[{"href":"https:\/\/www.giurgiuveanul.ro\/stiri\/wp-json\/wp\/v2\/types\/post"}],"author":[{"embeddable":true,"href":"https:\/\/www.giurgiuveanul.ro\/stiri\/wp-json\/wp\/v2\/users\/1"}],"replies":[{"embeddable":true,"href":"https:\/\/www.giurgiuveanul.ro\/stiri\/wp-json\/wp\/v2\/comments?post=43881"}],"version-history":[{"count":0,"href":"https:\/\/www.giurgiuveanul.ro\/stiri\/wp-json\/wp\/v2\/posts\/43881\/revisions"}],"wp:attachment":[{"href":"https:\/\/www.giurgiuveanul.ro\/stiri\/wp-json\/wp\/v2\/media?parent=43881"}],"wp:term":[{"taxonomy":"category","embeddable":true,"href":"https:\/\/www.giurgiuveanul.ro\/stiri\/wp-json\/wp\/v2\/categories?post=43881"},{"taxonomy":"post_tag","embeddable":true,"href":"https:\/\/www.giurgiuveanul.ro\/stiri\/wp-json\/wp\/v2\/tags?post=43881"}],"curies":[{"name":"wp","href":"https:\/\/api.w.org\/{rel}","templated":true}]}}