{"id":44032,"date":"2017-08-12T12:22:19","date_gmt":"2017-08-12T09:22:19","guid":{"rendered":"https:\/\/www.giurgiuveanul.ro\/stiri\/?p=44032"},"modified":"2017-08-12T12:22:19","modified_gmt":"2017-08-12T09:22:19","slug":"din-insemnarile-unui-nuntas-treaz","status":"publish","type":"post","link":"https:\/\/www.giurgiuveanul.ro\/stiri\/din-insemnarile-unui-nuntas-treaz\/","title":{"rendered":"Din \u00eensemn\u0103rile unui nunta\u015f treaz\u2026"},"content":{"rendered":"<p style=\"text-align: justify;\"><a href=\"https:\/\/www.giurgiuveanul.ro\/stiri\/wp-content\/uploads\/2017\/08\/fb3b2b9105c6a12db935b1ab7c5be3ab.jpg\"><img loading=\"lazy\" decoding=\"async\" class=\"aligncenter size-large wp-image-44033\" src=\"https:\/\/www.giurgiuveanul.ro\/stiri\/wp-content\/uploads\/2017\/08\/fb3b2b9105c6a12db935b1ab7c5be3ab-367x450.jpg\" alt=\"SONY DSC\" width=\"367\" height=\"450\" srcset=\"https:\/\/www.giurgiuveanul.ro\/stiri\/wp-content\/uploads\/2017\/08\/fb3b2b9105c6a12db935b1ab7c5be3ab-367x450.jpg 367w, https:\/\/www.giurgiuveanul.ro\/stiri\/wp-content\/uploads\/2017\/08\/fb3b2b9105c6a12db935b1ab7c5be3ab-245x300.jpg 245w, https:\/\/www.giurgiuveanul.ro\/stiri\/wp-content\/uploads\/2017\/08\/fb3b2b9105c6a12db935b1ab7c5be3ab-400x490.jpg 400w, https:\/\/www.giurgiuveanul.ro\/stiri\/wp-content\/uploads\/2017\/08\/fb3b2b9105c6a12db935b1ab7c5be3ab.jpg 653w\" sizes=\"auto, (max-width: 367px) 100vw, 367px\" \/><\/a>Nu despre tipicul cu care <!--more-->I.G., colegul nostru din Promo\u0163ia 1954, cu 11 clase a Maiorescului, \u00ee\u015fi noteaz\u0103 \u00een carne\u0163elul cu rata cheltuielilor zilnice pe ce se duc banii pentru a nu-\u015fi spune c\u0103 pensionarul rom\u00e2n ar fi s\u0103rac vreau s\u0103 scriu!<\/p>\n<p style=\"text-align: justify;\">Nu, de\u015fi a\u015f fi \u00eendrept\u0103\u0163it s\u0103 o fac acum c\u00e2nd, aflu de la televizor!, se face public salariul unui rom\u00e2n de 100.000 lei, toate zerourile sunt corect scrise, pe l\u00e2ng\u0103 pensia de 13.800\u00a0 lei !. B\u0103nuiesc s\u0103 fie calculat\u0103 dup\u0103 acela\u015fi sistem de calcul dup\u0103 care mie mi-a ie\u015fit ceva l\u00e2ng\u0103&#8230;2.000!<\/p>\n<p style=\"text-align: justify;\">Nu despre m\u00e2ndria cu care vorbe\u015fte despre c\u00e2te fire de ro\u015fii \u015fi c\u00e2te fire de varz\u0103 a plantat \u00een curtea p\u0103rinteasc\u0103 de la Fr\u0103te\u015fti vreau s\u0103 scriu.<\/p>\n<p style=\"text-align: justify;\">Nu, de\u015fi, spre lauda lui, la cei peste 81 de ani trecu\u0163i simte nevoia s\u0103 fie zilnic \u00een gr\u0103din\u0103, s\u0103 vad\u0103 el cum sunt rostuite toate la locul lor, s-ar impune s\u0103 o fac!<\/p>\n<p style=\"text-align: justify;\">Nu despre eviden\u0163a \u0163inut\u0103 cu acribie a datei de na\u015ftere a tuturor colegilor pentru a nu-i sc\u0103pa vreunul de a fi felicitat, \u015fi asta totdeauna cu o zi \u00eenainte sau\u00a0\u00a0 chiar \u00een ziua respectiv\u0103, vreau s\u0103 scriu.<\/p>\n<p style=\"text-align: justify;\">Nu, de\u015fi dintre cei 93 de colegi de promo\u0163ie mai mul\u0163i de 70 ! s-au oprit s\u0103 se odihneasc\u0103. Ceilal\u0163i \u0163in s\u0103 se revad\u0103 anual, ceea ce vor face \u015fi anul acesta pe data de 1 septembrie.<\/p>\n<p style=\"text-align: justify;\">Despre BUCURIA lui I.G. vreau s\u0103 \u015ftie&#8230;satul! Bucuria nun\u0163ii era \u00een satul copil\u0103riei mele evenimentul despre care se \u015ftia cu mult \u00eenainte \u015fi despre care se discuta.<\/p>\n<p style=\"text-align: justify;\">Domnul I.G., a\u015fa \u00eei \u015fi zic fo\u015ftii colegi de clas\u0103, \u015fi nu \u00een glum\u0103, pentru c\u0103 da, chiar este&#8230; un domn!, are ast\u0103zi nunt\u0103!<\/p>\n<p style=\"text-align: justify;\">NU, nu&#8230; o str\u0103nepoat\u0103! Are ast\u0103zi cununia civil\u0103!&#8230;La Giurgiu! Nunta este \u00een octombrie!<\/p>\n<p style=\"text-align: justify;\">\u00cendatora\u0163i fa\u0163\u0103 de colegul nostru, \u00eemp\u0103rt\u0103\u015find din bucuria lui de a-\u015fi num\u0103ra anii din nunt\u0103 \u00een nunt\u0103, mai are nepo\u0163i \u015fi nepoate!, zicem tinerilor ast\u0103zi CASA DE PIATR\u0102, iar l\u0103utarului s\u0103 caute \u00een repertoriu c\u00e2ntecul <em>De-a\u015f mai duce-o p\u00e2n-la toamn\u0103<\/em>, pentru c\u0103, suntem siguri, colegul nostru vrea s\u0103 joace!<\/p>\n<p style=\"text-align: justify;\">\u00cen numele tuturor colegilor mei,<\/p>\n<p style=\"text-align: justify;\"><em>Gh.C.Br.<\/em><\/p>\n","protected":false},"excerpt":{"rendered":"<p>Nu despre tipicul cu care<\/p>\n","protected":false},"author":1,"featured_media":0,"comment_status":"open","ping_status":"open","sticky":false,"template":"","format":"standard","meta":{"footnotes":""},"categories":[21],"tags":[],"class_list":["post-44032","post","type-post","status-publish","format-standard","hentry","category-opinia-mea"],"_links":{"self":[{"href":"https:\/\/www.giurgiuveanul.ro\/stiri\/wp-json\/wp\/v2\/posts\/44032","targetHints":{"allow":["GET"]}}],"collection":[{"href":"https:\/\/www.giurgiuveanul.ro\/stiri\/wp-json\/wp\/v2\/posts"}],"about":[{"href":"https:\/\/www.giurgiuveanul.ro\/stiri\/wp-json\/wp\/v2\/types\/post"}],"author":[{"embeddable":true,"href":"https:\/\/www.giurgiuveanul.ro\/stiri\/wp-json\/wp\/v2\/users\/1"}],"replies":[{"embeddable":true,"href":"https:\/\/www.giurgiuveanul.ro\/stiri\/wp-json\/wp\/v2\/comments?post=44032"}],"version-history":[{"count":0,"href":"https:\/\/www.giurgiuveanul.ro\/stiri\/wp-json\/wp\/v2\/posts\/44032\/revisions"}],"wp:attachment":[{"href":"https:\/\/www.giurgiuveanul.ro\/stiri\/wp-json\/wp\/v2\/media?parent=44032"}],"wp:term":[{"taxonomy":"category","embeddable":true,"href":"https:\/\/www.giurgiuveanul.ro\/stiri\/wp-json\/wp\/v2\/categories?post=44032"},{"taxonomy":"post_tag","embeddable":true,"href":"https:\/\/www.giurgiuveanul.ro\/stiri\/wp-json\/wp\/v2\/tags?post=44032"}],"curies":[{"name":"wp","href":"https:\/\/api.w.org\/{rel}","templated":true}]}}