{"id":44371,"date":"2017-08-23T18:14:25","date_gmt":"2017-08-23T15:14:25","guid":{"rendered":"https:\/\/www.giurgiuveanul.ro\/stiri\/?p=44371"},"modified":"2017-08-23T18:40:14","modified_gmt":"2017-08-23T15:40:14","slug":"familie-din-naipu-terorizata-de-fenomene-inexplicabile-nu-credeti-mergeti-sa-va-convingeti-foto","status":"publish","type":"post","link":"https:\/\/www.giurgiuveanul.ro\/stiri\/familie-din-naipu-terorizata-de-fenomene-inexplicabile-nu-credeti-mergeti-sa-va-convingeti-foto\/","title":{"rendered":"O familie din Naipu, terorizat\u0103 de fenomene inexplicabile! Nu crede\u0163i? Merge\u0163i s\u0103 v\u0103 convinge\u0163i! (FOTO)"},"content":{"rendered":"<p style=\"text-align: justify;\"><strong><a href=\"https:\/\/www.giurgiuveanul.ro\/stiri\/wp-content\/uploads\/2017\/08\/IMG_0377.jpg\"><img loading=\"lazy\" decoding=\"async\" class=\"aligncenter size-large wp-image-44381\" src=\"https:\/\/www.giurgiuveanul.ro\/stiri\/wp-content\/uploads\/2017\/08\/IMG_0377-511x450.jpg\" alt=\"IMG_0377\" width=\"511\" height=\"450\" srcset=\"https:\/\/www.giurgiuveanul.ro\/stiri\/wp-content\/uploads\/2017\/08\/IMG_0377-511x450.jpg 511w, https:\/\/www.giurgiuveanul.ro\/stiri\/wp-content\/uploads\/2017\/08\/IMG_0377-250x220.jpg 250w, https:\/\/www.giurgiuveanul.ro\/stiri\/wp-content\/uploads\/2017\/08\/IMG_0377-400x353.jpg 400w, https:\/\/www.giurgiuveanul.ro\/stiri\/wp-content\/uploads\/2017\/08\/IMG_0377.jpg 800w\" sizes=\"auto, (max-width: 511px) 100vw, 511px\" \/><\/a>C\u00e2nd stau \u00een cas\u0103, ziua, \u00een mod inexplicabil,<!--more--> sunt tr\u00e2ntite scaune, cad obiecte de vesel\u0103, se aprinde lumina. C\u00e2nd ies afar\u0103, mai ales noaptea, \u015fi stau \u00een curte, o ploaie de pietre se abate din senin asupra lor \u015fi pe acoperi\u015ful casei \u00een care locuiesc. <\/strong><\/p>\n<p style=\"text-align: justify;\"><a href=\"https:\/\/www.giurgiuveanul.ro\/stiri\/wp-content\/uploads\/2017\/08\/IMG_0337.jpg\"><img loading=\"lazy\" decoding=\"async\" class=\"aligncenter size-large wp-image-44379\" src=\"https:\/\/www.giurgiuveanul.ro\/stiri\/wp-content\/uploads\/2017\/08\/IMG_0337-560x412.jpg\" alt=\"IMG_0337\" width=\"560\" height=\"412\" srcset=\"https:\/\/www.giurgiuveanul.ro\/stiri\/wp-content\/uploads\/2017\/08\/IMG_0337-560x412.jpg 560w, https:\/\/www.giurgiuveanul.ro\/stiri\/wp-content\/uploads\/2017\/08\/IMG_0337-250x184.jpg 250w, https:\/\/www.giurgiuveanul.ro\/stiri\/wp-content\/uploads\/2017\/08\/IMG_0337-400x295.jpg 400w, https:\/\/www.giurgiuveanul.ro\/stiri\/wp-content\/uploads\/2017\/08\/IMG_0337.jpg 800w\" sizes=\"auto, (max-width: 560px) 100vw, 560px\" \/><\/a><\/p>\n<p style=\"text-align: justify;\"><a href=\"https:\/\/www.giurgiuveanul.ro\/stiri\/wp-content\/uploads\/2017\/08\/IMG_0335.jpg\"><img loading=\"lazy\" decoding=\"async\" class=\"aligncenter size-large wp-image-44380\" src=\"https:\/\/www.giurgiuveanul.ro\/stiri\/wp-content\/uploads\/2017\/08\/IMG_0335-543x450.jpg\" alt=\"IMG_0335\" width=\"543\" height=\"450\" srcset=\"https:\/\/www.giurgiuveanul.ro\/stiri\/wp-content\/uploads\/2017\/08\/IMG_0335-543x450.jpg 543w, https:\/\/www.giurgiuveanul.ro\/stiri\/wp-content\/uploads\/2017\/08\/IMG_0335-250x207.jpg 250w, https:\/\/www.giurgiuveanul.ro\/stiri\/wp-content\/uploads\/2017\/08\/IMG_0335-400x332.jpg 400w, https:\/\/www.giurgiuveanul.ro\/stiri\/wp-content\/uploads\/2017\/08\/IMG_0335.jpg 800w\" sizes=\"auto, (max-width: 543px) 100vw, 543px\" \/><\/a><\/p>\n<p style=\"text-align: justify;\"><strong>Este drama unei familii din satul Naipu, comuna Ghimpa\u0163i. De trei zile \u015fi dou\u0103 nop\u0163i, aceast\u0103 familie nu mai are lini\u015fte \u015fi nici somn.<\/strong><\/p>\n<p style=\"text-align: justify;\"><span style=\"color: #ff0000;\"><strong>Au chemat Poli\u021bia \u015fi preotul&#8230; de fric\u0103!<\/strong><\/span><\/p>\n<p style=\"text-align: justify;\">Bie\u0163ii oameni au cerut ajutorul Poli\u0163iei \u015fi al unui preot, dar lucrurile au r\u0103mas la fel \u015fi nimeni nu a g\u0103sit nicio explica\u0163ie pentru ceea ce se \u00eent\u00e2mpl\u0103!<\/p>\n<p style=\"text-align: justify;\">Poli\u0163i\u015ftii sosi\u0163i la fa\u0163a locului au stat trei ore \u015fi au fost martorii acelora\u015fi evenimente paranormale.<\/p>\n<p style=\"text-align: justify;\">Preotul a rostit rug\u0103ciuni dar a avut \u015fi el parte de diferite \u015ficane, mai ales c\u0103deri ale scaunelor.<\/p>\n<p style=\"text-align: justify;\">Poli\u0163i\u015ftii au stat la p\u00e2nd\u0103 s\u0103 vad\u0103 cine arunc\u0103 cu pietre dar rezultatul a fost zero. Nicio persoan\u0103 nu se afla \u00een acest perimetru. Mai mult \u015fi ei au fost lovi\u0163i de pietre \u015fi au fost martorii c\u0103derii din senin a unor vase din buc\u0103t\u0103rie \u015fi\/sau a scaunelor.<\/p>\n<p style=\"text-align: justify;\"><span style=\"color: #ff0000;\"><strong>\u015ei noi am fost martori<\/strong><\/span><\/p>\n<p style=\"text-align: justify;\">Ast\u0103zi, 23 august, \u00eempreun\u0103 cu primarul \u015fi viceprimarul comunei Ghimpa\u0163i, ne-am deplasat la casa \u201eb\u00e2ntuit\u0103\u201d ca s\u0103 ne convingem pe viu. Cu m\u00e2na pe inim\u0103 v\u0103 declar c\u0103 am avut parte de experien\u0163e decupate din filmele horror, absolut incredibile.<\/p>\n<p style=\"text-align: justify;\">Au c\u0103zut din senin, \u00een decurs de circa 30 de minute, c\u00e2t am stat acolo, at\u00e2t \u00een buc\u0103t\u0103rie c\u00e2t \u015fi \u00eentr-un dormitor, trei scaune, un cuier, o cutie cu fotografii, o sticl\u0103 cu Aghiazm\u0103 \u015fi un patent de pe pervazul ferestrei din hol.<\/p>\n<p style=\"text-align: center;\"><em>Un scaun cade \u00een prezen\u0163a noastr\u0103!<\/em><\/p>\n<p style=\"text-align: justify;\"><a href=\"https:\/\/www.giurgiuveanul.ro\/stiri\/wp-content\/uploads\/2017\/08\/IMG_0313.jpg\"><img loading=\"lazy\" decoding=\"async\" class=\"aligncenter size-large wp-image-44373\" src=\"https:\/\/www.giurgiuveanul.ro\/stiri\/wp-content\/uploads\/2017\/08\/IMG_0313-379x450.jpg\" alt=\"IMG_0313\" width=\"379\" height=\"450\" srcset=\"https:\/\/www.giurgiuveanul.ro\/stiri\/wp-content\/uploads\/2017\/08\/IMG_0313-379x450.jpg 379w, https:\/\/www.giurgiuveanul.ro\/stiri\/wp-content\/uploads\/2017\/08\/IMG_0313-250x297.jpg 250w, https:\/\/www.giurgiuveanul.ro\/stiri\/wp-content\/uploads\/2017\/08\/IMG_0313-400x475.jpg 400w, https:\/\/www.giurgiuveanul.ro\/stiri\/wp-content\/uploads\/2017\/08\/IMG_0313.jpg 673w\" sizes=\"auto, (max-width: 379px) 100vw, 379px\" \/><\/a><\/p>\n<p style=\"text-align: justify;\"><a href=\"https:\/\/www.giurgiuveanul.ro\/stiri\/wp-content\/uploads\/2017\/08\/IMG_0316.jpg\"><img loading=\"lazy\" decoding=\"async\" class=\"aligncenter size-large wp-image-44374\" src=\"https:\/\/www.giurgiuveanul.ro\/stiri\/wp-content\/uploads\/2017\/08\/IMG_0316-358x450.jpg\" alt=\"IMG_0316\" width=\"358\" height=\"450\" srcset=\"https:\/\/www.giurgiuveanul.ro\/stiri\/wp-content\/uploads\/2017\/08\/IMG_0316-358x450.jpg 358w, https:\/\/www.giurgiuveanul.ro\/stiri\/wp-content\/uploads\/2017\/08\/IMG_0316-239x300.jpg 239w, https:\/\/www.giurgiuveanul.ro\/stiri\/wp-content\/uploads\/2017\/08\/IMG_0316-400x503.jpg 400w, https:\/\/www.giurgiuveanul.ro\/stiri\/wp-content\/uploads\/2017\/08\/IMG_0316.jpg 636w\" sizes=\"auto, (max-width: 358px) 100vw, 358px\" \/><\/a><\/p>\n<p style=\"text-align: center;\"><em>Altul la r\u00e2nd!<\/em><\/p>\n<p style=\"text-align: center;\"><a href=\"https:\/\/www.giurgiuveanul.ro\/stiri\/wp-content\/uploads\/2017\/08\/IMG_0319.jpg\"><img loading=\"lazy\" decoding=\"async\" class=\"aligncenter size-large wp-image-44375\" src=\"https:\/\/www.giurgiuveanul.ro\/stiri\/wp-content\/uploads\/2017\/08\/IMG_0319-560x388.jpg\" alt=\"IMG_0319\" width=\"560\" height=\"388\" srcset=\"https:\/\/www.giurgiuveanul.ro\/stiri\/wp-content\/uploads\/2017\/08\/IMG_0319-560x388.jpg 560w, https:\/\/www.giurgiuveanul.ro\/stiri\/wp-content\/uploads\/2017\/08\/IMG_0319-250x173.jpg 250w, https:\/\/www.giurgiuveanul.ro\/stiri\/wp-content\/uploads\/2017\/08\/IMG_0319-400x277.jpg 400w, https:\/\/www.giurgiuveanul.ro\/stiri\/wp-content\/uploads\/2017\/08\/IMG_0319.jpg 800w\" sizes=\"auto, (max-width: 560px) 100vw, 560px\" \/><\/a><em>Urmeaz\u0103 cuierul!<\/em><\/p>\n<p style=\"text-align: justify;\"><a href=\"https:\/\/www.giurgiuveanul.ro\/stiri\/wp-content\/uploads\/2017\/08\/IMG_0352.jpg\"><img loading=\"lazy\" decoding=\"async\" class=\"aligncenter size-large wp-image-44377\" src=\"https:\/\/www.giurgiuveanul.ro\/stiri\/wp-content\/uploads\/2017\/08\/IMG_0352-560x397.jpg\" alt=\"IMG_0352\" width=\"560\" height=\"397\" srcset=\"https:\/\/www.giurgiuveanul.ro\/stiri\/wp-content\/uploads\/2017\/08\/IMG_0352-560x397.jpg 560w, https:\/\/www.giurgiuveanul.ro\/stiri\/wp-content\/uploads\/2017\/08\/IMG_0352-250x177.jpg 250w, https:\/\/www.giurgiuveanul.ro\/stiri\/wp-content\/uploads\/2017\/08\/IMG_0352-400x284.jpg 400w, https:\/\/www.giurgiuveanul.ro\/stiri\/wp-content\/uploads\/2017\/08\/IMG_0352.jpg 800w\" sizes=\"auto, (max-width: 560px) 100vw, 560px\" \/><\/a><\/p>\n<p style=\"text-align: center;\"><em>&#8230; \u015fi sticla cu Aghiazm\u0103!<\/em><\/p>\n<p style=\"text-align: justify;\"><a href=\"https:\/\/www.giurgiuveanul.ro\/stiri\/wp-content\/uploads\/2017\/08\/IMG_0344.jpg\"><img loading=\"lazy\" decoding=\"async\" class=\"aligncenter size-large wp-image-44378\" src=\"https:\/\/www.giurgiuveanul.ro\/stiri\/wp-content\/uploads\/2017\/08\/IMG_0344-414x450.jpg\" alt=\"IMG_0344\" width=\"414\" height=\"450\" srcset=\"https:\/\/www.giurgiuveanul.ro\/stiri\/wp-content\/uploads\/2017\/08\/IMG_0344-414x450.jpg 414w, https:\/\/www.giurgiuveanul.ro\/stiri\/wp-content\/uploads\/2017\/08\/IMG_0344-250x272.jpg 250w, https:\/\/www.giurgiuveanul.ro\/stiri\/wp-content\/uploads\/2017\/08\/IMG_0344-400x435.jpg 400w, https:\/\/www.giurgiuveanul.ro\/stiri\/wp-content\/uploads\/2017\/08\/IMG_0344.jpg 736w\" sizes=\"auto, (max-width: 414px) 100vw, 414px\" \/><\/a><\/p>\n<p style=\"text-align: center;\"><em>La plecare&#8230; \u00een garaj \u201es-a r\u0103sturnat\u201d un bidon&#8230; \u00cen interior nu era nimeni ca s\u0103 produc\u0103 acest lucru.<\/em><\/p>\n<p style=\"text-align: justify;\"><a href=\"https:\/\/www.giurgiuveanul.ro\/stiri\/wp-content\/uploads\/2017\/08\/IMG_0342.jpg\"><img loading=\"lazy\" decoding=\"async\" class=\"aligncenter size-large wp-image-44376\" src=\"https:\/\/www.giurgiuveanul.ro\/stiri\/wp-content\/uploads\/2017\/08\/IMG_0342-560x435.jpg\" alt=\"IMG_0342\" width=\"560\" height=\"435\" srcset=\"https:\/\/www.giurgiuveanul.ro\/stiri\/wp-content\/uploads\/2017\/08\/IMG_0342-560x435.jpg 560w, https:\/\/www.giurgiuveanul.ro\/stiri\/wp-content\/uploads\/2017\/08\/IMG_0342-250x194.jpg 250w, https:\/\/www.giurgiuveanul.ro\/stiri\/wp-content\/uploads\/2017\/08\/IMG_0342-400x311.jpg 400w, https:\/\/www.giurgiuveanul.ro\/stiri\/wp-content\/uploads\/2017\/08\/IMG_0342.jpg 800w\" sizes=\"auto, (max-width: 560px) 100vw, 560px\" \/><\/a><\/p>\n<p style=\"text-align: justify;\">Oamenii spun c\u0103, \u00een urm\u0103 cu exact \u015fase s\u0103pt\u0103m\u00e2ni s-a stins din via\u0163\u0103 vecina din fa\u0163a casei lor&#8230; \u015fi sunt de p\u0103rere c\u0103 &#8222;fenomenele&#8221; au leg\u0103tur\u0103 cu acest lucru.<\/p>\n<p style=\"text-align: justify;\"><span style=\"color: #ff0000;\"><strong>\u201cPoltergeist\u201d<\/strong><\/span><\/p>\n<p style=\"text-align: justify;\">Cea ce se\u00a0 \u00eent\u00e2mpl\u0103 la Naipu pare a fi un fenomen numit \u201cpoltergeist\u201d. Poltergeist este un fenomen paranormal care const\u0103 \u00een evenimente care fac aluzie la manifestarea unei entit\u0103\u021bi imperceptibile. De obicei, o astfel de manifestare include obiecte ne\u00eensufle\u021bite \u00een mi\u0219care, \u00een levita\u021bie, ce par a fi aruncate sau care se autoincendiaz\u0103, cu prezen\u021ba zgomotelor sim\u021bitoare (cum ar fi cioc\u0103nit, b\u0103t\u0103i, lovituri) \u0219i \u00een anumite cazuri, atacuri fizice asupra martorilor acelor evenimente. \u00centruc\u00e2t p\u00e2n\u0103 \u00een aceast\u0103 zi nu exist\u0103 nicio explica\u021bie \u0219tiin\u021bific\u0103 concludent\u0103 a acestor evenimente, poltergeist a fost descris \u00een folclor ca fiind un spirit sup\u0103rat sau o fantom\u0103 care b\u00e2ntuie o anumit\u0103 persoan\u0103, de unde \u0219i numele (vezi etimologia).<\/p>\n<p style=\"text-align: justify;\"><span style=\"color: #ff0000;\"><strong>\u00a0Ce ar mai fi de spus&#8230;<\/strong><\/span><\/p>\n<p style=\"text-align: justify;\">Nu vreau s\u0103 fac niciun fel de supozi\u0163ii, v\u0103 invit s\u0103 merge\u0163i la Naipu \u015fi s\u0103 v\u0103 convinge\u0163i dumneavoastr\u0103, dragi cititori, pe viu!<\/p>\n<p style=\"text-align: justify;\">Dac\u0103 ave\u0163i probleme cu inima&#8230; ab\u0163ine\u0163i-v\u0103!<\/p>\n<p style=\"text-align: justify;\">P.S. Am adus la cuno\u015ftin\u0163a Episcopiei Giurgiului aceast\u0103 nefericit\u0103 situa\u0163ie \u015fi a\u015ftept s\u0103 v\u0103d ce decizie se va lua \u00een aceast\u0103 privin\u0163\u0103, mai precis, dac\u0103 un sobor de preo\u0163i va merge la Naipu pentru a s\u0103v\u00e2r\u015fi o slujb\u0103 special\u0103 pentru astfel de situa\u0163ii foarte rar \u00eent\u00e2lnite. V\u0103 voi \u0163ine la curent.<\/p>\n<p style=\"text-align: justify;\"><em>Vasile Arcanu<\/em><\/p>\n","protected":false},"excerpt":{"rendered":"<p>C\u00e2nd stau \u00een cas\u0103, ziua, \u00een mod inexplicabil,<\/p>\n","protected":false},"author":1,"featured_media":0,"comment_status":"open","ping_status":"open","sticky":false,"template":"","format":"standard","meta":{"footnotes":""},"categories":[5],"tags":[],"class_list":["post-44371","post","type-post","status-publish","format-standard","hentry","category-senzational"],"_links":{"self":[{"href":"https:\/\/www.giurgiuveanul.ro\/stiri\/wp-json\/wp\/v2\/posts\/44371","targetHints":{"allow":["GET"]}}],"collection":[{"href":"https:\/\/www.giurgiuveanul.ro\/stiri\/wp-json\/wp\/v2\/posts"}],"about":[{"href":"https:\/\/www.giurgiuveanul.ro\/stiri\/wp-json\/wp\/v2\/types\/post"}],"author":[{"embeddable":true,"href":"https:\/\/www.giurgiuveanul.ro\/stiri\/wp-json\/wp\/v2\/users\/1"}],"replies":[{"embeddable":true,"href":"https:\/\/www.giurgiuveanul.ro\/stiri\/wp-json\/wp\/v2\/comments?post=44371"}],"version-history":[{"count":0,"href":"https:\/\/www.giurgiuveanul.ro\/stiri\/wp-json\/wp\/v2\/posts\/44371\/revisions"}],"wp:attachment":[{"href":"https:\/\/www.giurgiuveanul.ro\/stiri\/wp-json\/wp\/v2\/media?parent=44371"}],"wp:term":[{"taxonomy":"category","embeddable":true,"href":"https:\/\/www.giurgiuveanul.ro\/stiri\/wp-json\/wp\/v2\/categories?post=44371"},{"taxonomy":"post_tag","embeddable":true,"href":"https:\/\/www.giurgiuveanul.ro\/stiri\/wp-json\/wp\/v2\/tags?post=44371"}],"curies":[{"name":"wp","href":"https:\/\/api.w.org\/{rel}","templated":true}]}}