{"id":44596,"date":"2017-08-30T15:46:18","date_gmt":"2017-08-30T12:46:18","guid":{"rendered":"https:\/\/www.giurgiuveanul.ro\/stiri\/?p=44596"},"modified":"2017-08-30T15:50:39","modified_gmt":"2017-08-30T12:50:39","slug":"la-multi-ani-alexandra-la-multi-ani-alexandru","status":"publish","type":"post","link":"https:\/\/www.giurgiuveanul.ro\/stiri\/la-multi-ani-alexandra-la-multi-ani-alexandru\/","title":{"rendered":"La Mul\u0163i Ani, Alexandra! La Mul\u0163i Ani, Alexandru!"},"content":{"rendered":"<p style=\"text-align: justify;\"><a href=\"https:\/\/www.giurgiuveanul.ro\/stiri\/wp-content\/uploads\/2017\/08\/sf_alexandru.png\"><img loading=\"lazy\" decoding=\"async\" class=\"aligncenter size-large wp-image-44598\" src=\"https:\/\/www.giurgiuveanul.ro\/stiri\/wp-content\/uploads\/2017\/08\/sf_alexandru-324x450.png\" alt=\"sf_alexandru\" width=\"324\" height=\"450\" srcset=\"https:\/\/www.giurgiuveanul.ro\/stiri\/wp-content\/uploads\/2017\/08\/sf_alexandru-324x450.png 324w, https:\/\/www.giurgiuveanul.ro\/stiri\/wp-content\/uploads\/2017\/08\/sf_alexandru-216x300.png 216w, https:\/\/www.giurgiuveanul.ro\/stiri\/wp-content\/uploads\/2017\/08\/sf_alexandru-400x555.png 400w, https:\/\/www.giurgiuveanul.ro\/stiri\/wp-content\/uploads\/2017\/08\/sf_alexandru.png 480w\" sizes=\"auto, (max-width: 324px) 100vw, 324px\" \/><\/a>\u00cen fiecare an, <!--more-->pe data de 30 august, cre\u0219tinii ortodoc\u0219i \u00eel pr\u0103znuiesc pe Sf\u00e2ntul Alexandru. Cum numele acestuia este purtat de foarte mul\u021bi rom\u00e2ni, ast\u0103zi este prilej de s\u0103rb\u0103toare pentru cei ce \u00ee\u0219i serbeaz\u0103 ziua onomastic\u0103.<\/p>\n<p style=\"text-align: justify;\">Sf\u00e2ntul Alexandru a fost episcop al Constantinopolului \u00een timpul lui Constantin cel Mare. Acesta a fost un ap\u0103r\u0103tor al credin\u021bei, particip\u00e2nd la Sinodul I Ecumenic de la Niceea din anul 325. \u00cen cadrul acestui Sindod, Sf\u00e2ntul Alexandru s-a \u00eempotrivit lui Arie, un preot care promova o \u00eenv\u0103\u021b\u0103tur\u0103 total diferit\u0103 de tradi\u021bia \u0219i credin\u021ba Bisericii, potrivit site-ului Episcopiei Giurgiului,<\/p>\n<p><a href=\"http:\/\/episcopiagiurgiului.ro\/Stiri\/showarticle.php?articleID=5341\">http:\/\/episcopiagiurgiului.ro\/Stiri\/showarticle.php?articleID=5341<\/a>.<\/p>\n<p style=\"text-align: justify;\">De-a lungul vie\u021bii, Sf\u00e2ntul Alexandru a dus mai departe cuv\u00e2ntul lui Dumnezeu, iar \u00een anul 337, la v\u00e2rsta de 98 de ani, acesta a trecut la cele ve\u0219nice.<\/p>\n<p style=\"text-align: justify;\">Cotidianul \u201eGiurgiuveanul\u201d ureaz\u0103 tuturor cititorilor, prietenilor \u0219i colaboratorilor, ce poart\u0103 numele de <strong>Alexandra, Alexa, Alexandrina, Alexandru<\/strong>, sau alte derivate, un sincer <strong>\u201eLa Mul\u0163i Ani&#8221;<\/strong> cu s\u0103n\u0103tate \u015fi multe \u00eempliniri&#8230; de ziua numelor lor.<\/p>\n","protected":false},"excerpt":{"rendered":"<p>\u00cen fiecare an,<\/p>\n","protected":false},"author":1,"featured_media":0,"comment_status":"open","ping_status":"open","sticky":false,"template":"","format":"standard","meta":{"footnotes":""},"categories":[16],"tags":[],"class_list":["post-44596","post","type-post","status-publish","format-standard","hentry","category-astazi-e-ziua-ta"],"_links":{"self":[{"href":"https:\/\/www.giurgiuveanul.ro\/stiri\/wp-json\/wp\/v2\/posts\/44596","targetHints":{"allow":["GET"]}}],"collection":[{"href":"https:\/\/www.giurgiuveanul.ro\/stiri\/wp-json\/wp\/v2\/posts"}],"about":[{"href":"https:\/\/www.giurgiuveanul.ro\/stiri\/wp-json\/wp\/v2\/types\/post"}],"author":[{"embeddable":true,"href":"https:\/\/www.giurgiuveanul.ro\/stiri\/wp-json\/wp\/v2\/users\/1"}],"replies":[{"embeddable":true,"href":"https:\/\/www.giurgiuveanul.ro\/stiri\/wp-json\/wp\/v2\/comments?post=44596"}],"version-history":[{"count":0,"href":"https:\/\/www.giurgiuveanul.ro\/stiri\/wp-json\/wp\/v2\/posts\/44596\/revisions"}],"wp:attachment":[{"href":"https:\/\/www.giurgiuveanul.ro\/stiri\/wp-json\/wp\/v2\/media?parent=44596"}],"wp:term":[{"taxonomy":"category","embeddable":true,"href":"https:\/\/www.giurgiuveanul.ro\/stiri\/wp-json\/wp\/v2\/categories?post=44596"},{"taxonomy":"post_tag","embeddable":true,"href":"https:\/\/www.giurgiuveanul.ro\/stiri\/wp-json\/wp\/v2\/tags?post=44596"}],"curies":[{"name":"wp","href":"https:\/\/api.w.org\/{rel}","templated":true}]}}