{"id":44939,"date":"2017-09-08T06:47:57","date_gmt":"2017-09-08T03:47:57","guid":{"rendered":"https:\/\/www.giurgiuveanul.ro\/stiri\/?p=44939"},"modified":"2017-09-08T06:52:43","modified_gmt":"2017-09-08T03:52:43","slug":"la-multi-ani-tuturor-celor-care-poarta-numele-de-maria-sau-marian","status":"publish","type":"post","link":"https:\/\/www.giurgiuveanul.ro\/stiri\/la-multi-ani-tuturor-celor-care-poarta-numele-de-maria-sau-marian\/","title":{"rendered":"\u201cLa Mul\u021bi Ani\u201d, tuturor celor care poart\u0103 numele de Maria sau Marian!"},"content":{"rendered":"<p style=\"text-align: justify;\"><a href=\"https:\/\/www.giurgiuveanul.ro\/stiri\/wp-content\/uploads\/2017\/09\/maria-mica-1.jpg\"><img loading=\"lazy\" decoding=\"async\" class=\"aligncenter size-large wp-image-44940\" src=\"https:\/\/www.giurgiuveanul.ro\/stiri\/wp-content\/uploads\/2017\/09\/maria-mica-1-560x379.jpg\" alt=\"maria-mica-1\" width=\"560\" height=\"379\" srcset=\"https:\/\/www.giurgiuveanul.ro\/stiri\/wp-content\/uploads\/2017\/09\/maria-mica-1-560x379.jpg 560w, https:\/\/www.giurgiuveanul.ro\/stiri\/wp-content\/uploads\/2017\/09\/maria-mica-1-250x169.jpg 250w, https:\/\/www.giurgiuveanul.ro\/stiri\/wp-content\/uploads\/2017\/09\/maria-mica-1-400x271.jpg 400w, https:\/\/www.giurgiuveanul.ro\/stiri\/wp-content\/uploads\/2017\/09\/maria-mica-1.jpg 800w\" sizes=\"auto, (max-width: 560px) 100vw, 560px\" \/><\/a><\/p>\n<p style=\"text-align: justify;\">Mul\u0163i dintre <!--more-->cei care poart\u0103 numele de Maria sau Marin \u00ee\u015fi serbeaz\u0103 ast\u0103zi ziua de nume. Conform canoanelor, serbarea numelui ar trebui s\u0103 aib\u0103 loc pe 8 septembrie, c\u00e2nd se celebreaz\u0103 Na\u015fterea Maicii Domnului \u015fi nu pe 15 august, de Adormirea Maicii Domnului.<\/p>\n<p style=\"text-align: justify;\">Cotidianul <strong>\u201c<\/strong>Giurgiuveanul\u201d transmite tuturor celor care poart\u0103 numele <strong>Maria, Marinela, Mariana, Mioara, Marina, Marilena, M\u0103rioara, M\u0103riuca, M\u0103ria, Marian <\/strong>sau<strong> Marin<\/strong>, un c\u0103lduros \u201cLa Mul\u021bi Ani\u201d!<\/p>\n<p style=\"text-align: justify;\"><strong>S\u0103rb\u0103toarea de ast\u0103zi<\/strong><\/p>\n<p style=\"text-align: justify;\">Cre\u015ftinii ortodoc\u015fi \u015fi cei catolici s\u0103rb\u0103toresc praznicul Na\u015fterii Maicii Domnului sau Sf\u00e2nta Marie Mic\u0103, a\u015fa cum mai este cunoscut\u0103 s\u0103rb\u0103toarea \u00een popor. Importan\u0163a vener\u0103rii Maicii Domnului este simbolizat\u0103 de num\u0103rul foarte mare de biserici care \u00eei poart\u0103 numele \u015fi de cele mai mult de 2.2 milioane de persoane care \u00ee\u015fi s\u0103rb\u0103toresc cu aceast\u0103 ocazie, onomastica.<\/p>\n<p style=\"text-align: justify;\">Na\u015fterea Maicii Domnului, pr\u0103znuit\u0103 pe 8 septembrie, este prima s\u0103rb\u0103toare a anului bisericesc, care a \u00eenceput la 1 septembrie, pentru c\u0103 Maria este noua Ev\u0103, ceea care\u00a0 avea sa nasc\u0103, \u201ela plinirea vremii\u201d, pe Hristos.<\/p>\n<p style=\"text-align: justify;\">Venerarea Fecioarei Mariei joac\u0103 un rol important \u00een Bisericile ortodoxe, \u00een cea Catolic\u0103 \u015fi cea Anglican\u0103, \u015fi este singura femeie pomenit\u0103 cu numele de Coran.<\/p>\n<p style=\"text-align: justify;\">\u00cen diminea\u0163a s\u0103rb\u0103torii Sfintei Marii Mici, tradi\u0163ia spune c\u0103 se aprinde o candel\u0103 l\u00e2ng\u0103 icoana Maicii Domnului, unde oamenii se roag\u0103 pentru s\u0103n\u0103tatea familiei. Candela este l\u0103sat\u0103 s\u0103 ard\u0103 toat\u0103 ziua.<\/p>\n<p style=\"text-align: justify;\">Cuv\u00e2ntul Maria, este \u00een general considerat ca fiind de origine ebraic\u0103 \u0219i ar proveni din Maryam sau Miryam, numele surorii mai mari a lui Moise, \u015fi e compus din mar, care \u00eensemn\u0103 pic\u0103tur\u0103, \u0219i y\u00e2m, care \u00eensemn\u0103 mare.<\/p>\n","protected":false},"excerpt":{"rendered":"<p>Mul\u0163i dintre<\/p>\n","protected":false},"author":1,"featured_media":0,"comment_status":"open","ping_status":"open","sticky":false,"template":"","format":"standard","meta":{"footnotes":""},"categories":[16],"tags":[],"class_list":["post-44939","post","type-post","status-publish","format-standard","hentry","category-astazi-e-ziua-ta"],"_links":{"self":[{"href":"https:\/\/www.giurgiuveanul.ro\/stiri\/wp-json\/wp\/v2\/posts\/44939","targetHints":{"allow":["GET"]}}],"collection":[{"href":"https:\/\/www.giurgiuveanul.ro\/stiri\/wp-json\/wp\/v2\/posts"}],"about":[{"href":"https:\/\/www.giurgiuveanul.ro\/stiri\/wp-json\/wp\/v2\/types\/post"}],"author":[{"embeddable":true,"href":"https:\/\/www.giurgiuveanul.ro\/stiri\/wp-json\/wp\/v2\/users\/1"}],"replies":[{"embeddable":true,"href":"https:\/\/www.giurgiuveanul.ro\/stiri\/wp-json\/wp\/v2\/comments?post=44939"}],"version-history":[{"count":0,"href":"https:\/\/www.giurgiuveanul.ro\/stiri\/wp-json\/wp\/v2\/posts\/44939\/revisions"}],"wp:attachment":[{"href":"https:\/\/www.giurgiuveanul.ro\/stiri\/wp-json\/wp\/v2\/media?parent=44939"}],"wp:term":[{"taxonomy":"category","embeddable":true,"href":"https:\/\/www.giurgiuveanul.ro\/stiri\/wp-json\/wp\/v2\/categories?post=44939"},{"taxonomy":"post_tag","embeddable":true,"href":"https:\/\/www.giurgiuveanul.ro\/stiri\/wp-json\/wp\/v2\/tags?post=44939"}],"curies":[{"name":"wp","href":"https:\/\/api.w.org\/{rel}","templated":true}]}}