{"id":44944,"date":"2017-09-08T07:09:05","date_gmt":"2017-09-08T04:09:05","guid":{"rendered":"https:\/\/www.giurgiuveanul.ro\/stiri\/?p=44944"},"modified":"2017-09-08T07:19:04","modified_gmt":"2017-09-08T04:19:04","slug":"la-multi-ani-domnule-presedinte-marian-mina","status":"publish","type":"post","link":"https:\/\/www.giurgiuveanul.ro\/stiri\/la-multi-ani-domnule-presedinte-marian-mina\/","title":{"rendered":"La Mul\u021bi Ani, domnule pre\u0219edinte Marian Mina!"},"content":{"rendered":"<p style=\"text-align: justify;\"><a href=\"https:\/\/www.giurgiuveanul.ro\/stiri\/wp-content\/uploads\/2017\/09\/21077671_1448313605252611_1942556131732155518_n.jpg\"><img loading=\"lazy\" decoding=\"async\" class=\"aligncenter size-large wp-image-44945\" src=\"https:\/\/www.giurgiuveanul.ro\/stiri\/wp-content\/uploads\/2017\/09\/21077671_1448313605252611_1942556131732155518_n-445x450.jpg\" alt=\"21077671_1448313605252611_1942556131732155518_n\" width=\"445\" height=\"450\" srcset=\"https:\/\/www.giurgiuveanul.ro\/stiri\/wp-content\/uploads\/2017\/09\/21077671_1448313605252611_1942556131732155518_n-445x450.jpg 445w, https:\/\/www.giurgiuveanul.ro\/stiri\/wp-content\/uploads\/2017\/09\/21077671_1448313605252611_1942556131732155518_n-250x253.jpg 250w, https:\/\/www.giurgiuveanul.ro\/stiri\/wp-content\/uploads\/2017\/09\/21077671_1448313605252611_1942556131732155518_n-400x404.jpg 400w, https:\/\/www.giurgiuveanul.ro\/stiri\/wp-content\/uploads\/2017\/09\/21077671_1448313605252611_1942556131732155518_n.jpg 720w\" sizes=\"auto, (max-width: 445px) 100vw, 445px\" \/><\/a>Pre\u0219edintele Consiliului Jude\u021bean Giurgiu \u0219i, <!--more-->totodat\u0103, liderul social-democra\u021bilor giurgiuveni, <strong>Marian Mina<\/strong>, se afl\u0103 azi la ceas aniversar, serb\u00e2ndu-\u0219i ziua onomastic\u0103.<\/p>\n<p style=\"text-align: justify;\">Pe aceast\u0103 cale, cotidianul \u201cGiurgiuveanul\u201d \u00eei transmite domnului pre\u0219edinte Marian Mina cele mai sincere ur\u0103ri aniversare, \u00een ziua onomastic\u0103, mult\u0103 s\u0103n\u0103tate, fericire, bucurie, prosperitate \u0219i \u00eempliniri&#8230;. precum \u0219i\u00a0tradi\u021bionalul \u201cLa Mul\u021bi Ani\u201d al\u0103turi de frumoasa dvs. familie!<\/p>\n","protected":false},"excerpt":{"rendered":"<p>Pre\u0219edintele Consiliului Jude\u021bean Giurgiu \u0219i,<\/p>\n","protected":false},"author":1,"featured_media":0,"comment_status":"open","ping_status":"open","sticky":false,"template":"","format":"standard","meta":{"footnotes":""},"categories":[16],"tags":[],"class_list":["post-44944","post","type-post","status-publish","format-standard","hentry","category-astazi-e-ziua-ta"],"_links":{"self":[{"href":"https:\/\/www.giurgiuveanul.ro\/stiri\/wp-json\/wp\/v2\/posts\/44944","targetHints":{"allow":["GET"]}}],"collection":[{"href":"https:\/\/www.giurgiuveanul.ro\/stiri\/wp-json\/wp\/v2\/posts"}],"about":[{"href":"https:\/\/www.giurgiuveanul.ro\/stiri\/wp-json\/wp\/v2\/types\/post"}],"author":[{"embeddable":true,"href":"https:\/\/www.giurgiuveanul.ro\/stiri\/wp-json\/wp\/v2\/users\/1"}],"replies":[{"embeddable":true,"href":"https:\/\/www.giurgiuveanul.ro\/stiri\/wp-json\/wp\/v2\/comments?post=44944"}],"version-history":[{"count":0,"href":"https:\/\/www.giurgiuveanul.ro\/stiri\/wp-json\/wp\/v2\/posts\/44944\/revisions"}],"wp:attachment":[{"href":"https:\/\/www.giurgiuveanul.ro\/stiri\/wp-json\/wp\/v2\/media?parent=44944"}],"wp:term":[{"taxonomy":"category","embeddable":true,"href":"https:\/\/www.giurgiuveanul.ro\/stiri\/wp-json\/wp\/v2\/categories?post=44944"},{"taxonomy":"post_tag","embeddable":true,"href":"https:\/\/www.giurgiuveanul.ro\/stiri\/wp-json\/wp\/v2\/tags?post=44944"}],"curies":[{"name":"wp","href":"https:\/\/api.w.org\/{rel}","templated":true}]}}