{"id":44994,"date":"2017-09-08T19:13:46","date_gmt":"2017-09-08T16:13:46","guid":{"rendered":"https:\/\/www.giurgiuveanul.ro\/stiri\/?p=44994"},"modified":"2017-09-08T19:13:46","modified_gmt":"2017-09-08T16:13:46","slug":"ave-maria","status":"publish","type":"post","link":"https:\/\/www.giurgiuveanul.ro\/stiri\/ave-maria\/","title":{"rendered":"AVE MARIA&#8230;"},"content":{"rendered":"<p style=\"text-align: justify;\"><a href=\"https:\/\/www.giurgiuveanul.ro\/stiri\/wp-content\/uploads\/2017\/09\/e0Hakg.jpg\"><img loading=\"lazy\" decoding=\"async\" class=\"aligncenter size-large wp-image-44995\" src=\"https:\/\/www.giurgiuveanul.ro\/stiri\/wp-content\/uploads\/2017\/09\/e0Hakg-560x420.jpg\" alt=\"e0Hakg\" width=\"560\" height=\"420\" srcset=\"https:\/\/www.giurgiuveanul.ro\/stiri\/wp-content\/uploads\/2017\/09\/e0Hakg-560x420.jpg 560w, https:\/\/www.giurgiuveanul.ro\/stiri\/wp-content\/uploads\/2017\/09\/e0Hakg-250x188.jpg 250w, https:\/\/www.giurgiuveanul.ro\/stiri\/wp-content\/uploads\/2017\/09\/e0Hakg-400x300.jpg 400w, https:\/\/www.giurgiuveanul.ro\/stiri\/wp-content\/uploads\/2017\/09\/e0Hakg.jpg 1062w\" sizes=\"auto, (max-width: 560px) 100vw, 560px\" \/><\/a>Pentru c\u0103 este 8 septembrie, zi \u00een care biserica ortodox\u0103 pr\u0103znuie\u015fte NA\u015eTEREA MAICII DOMNULUI, <!--more-->rostim \u015fi noi cu pio\u015fenie \u201e<em>Na\u015fterea ta, de Dumnezeu N\u0103sc\u0103toare, bucurie a r\u0103s\u0103rit\u00a0la toat\u0103 lumea<\/em>\u201d, cit\u00e2nd \u00eenceputul troparului s\u0103rb\u0103torii de azi, amintim c\u0103 nu-i bucurie mai mare a omului dec\u00e2t cea adus\u0103 de na\u015fterea Sfintei Fecioare Maria. \u015ei, l\u0103ud\u00e2nd na\u015fterea, cinstim iubirea, acel sentiment care-l face pe om OM, cinstim la modul sublim FAMILIA \u00een cadrul c\u0103reia cuv\u00e2ntul na\u015ftere cap\u0103t\u0103 sens iar iubirea cap\u0103t\u0103 rod.<\/p>\n<p style=\"text-align: justify;\">Am avut motiv s\u0103 fac ur\u0103ri mai multor Marii. \u00cencerc\u00e2nd s\u0103 g\u0103sesc pentru fiecare ceva ce nu s-a mai spus, am sim\u0163it c\u0103 reinventez refrenul unor melodii auzite c\u00e2ndva.<\/p>\n<p style=\"text-align: justify;\">Primul, nici c\u0103 se putea altfel, AVE MARIA, de Fr.Schubert. Mai greu mi-a fost la care dintre cele dou\u0103 interpret\u0103ri celebre s\u0103 m\u0103 opresc: a Mariei Callas sau a lui Luciano Pavarotti ? Ambele de natur\u0103 divin\u0103, mi-am zis eu!<\/p>\n<p style=\"text-align: justify;\">La un pahar de vin, zaib\u0103r\u00a0 b\u0103tut \u015fi gam\u0103, cu\u00a0 iz de pelin de ziceai c\u0103 bei o licoare t\u0103m\u0103duitoare, tetea P\u0103un, mo\u015ficul nepoatei la care m\u0103 duusesem s\u0103 v\u0103d poiana bujorilor din p\u0103durea din apropiere, \u00een timp ce verifica limpezimea b\u0103uturii \u00een lumina soarelui, \u00ee\u015fi aminte\u015fte \u015fi ne aminte\u015fte \u00eeng\u00e2nat versurile <em>Foaie verde iasomie,\u00a0\/ <\/em><em>Maria neichii<\/em><em>,\u00a0<\/em><em>Marie<\/em><em>, \/ Cat de draga mi-esti tu mie, \/ Nimeni pe lume nu stie, \/ Si nici tu nu stii, Marie! , de \u00a0Maria Tanase. <\/em>Le-a ascultat p\u00e2n\u0103 de cur\u00e2nd\u00a0 pe o plac\u0103 de patefon pe care-l avea de la \u0103l b\u00e2tr\u00e2n!<\/p>\n<p style=\"text-align: justify;\">Disputa dintre Nicu \u015fi Iulica privind\u00a0 interpretarea \u00a0Marianei Deac \u015fi Ionu\u0163 Fulea \u015fi a lui\u00a0 Tudor Gheorghe a versurilor <em>Marie<\/em>,\u00a0<em>Marie<\/em>, \/ ia s\u0103-<em>mi<\/em>\u00a0spui\u00a0<em>tu mie<\/em>, \/ care frunz\u0103 bate, v\u00e2ntu(l) c\u00e2nd nu bate ? \/ Ast\u0103 frunz\u0103&#8230; a r\u0103mas nerzolvat\u0103 pentru c\u0103, nu f\u0103r\u0103 ceva talent \u015fi bucurie de a c\u00e2nta , Mariana , cu o voce ne\u00eenc\u0103lzit\u0103 la \u00eenceput, \u015fi-a intrat repede \u00een rol cu<\/p>\n<p style=\"text-align: justify;\"><em>Maria<\/em> \u00a0lui \u00a0Mihai Constantinescu si Anastasia Lazariuc.<\/p>\n<p style=\"text-align: justify;\">Amintind toate astea, am \u00eencercat s\u0103 dau \u00a0r\u0103spuns \u00a0tuturor celor care cred c\u0103 ap\u0103rarea FAMILIEI trebuie f\u0103cut\u0103 de o \u2026COALI\u0162IE, am argumentat inutilitatea unui referendum, a unor cheltuieli inutile pentru a se clarifica CE? \u015fi pentru CINE?<\/p>\n<p style=\"text-align: justify;\">Cu banii cheltui\u0163i pentru referendum putem construi \u00a0un spital \u00een care pot fi trata\u0163i cei care nu pot \u00een\u0163elege c\u0103 FAMILIA\u00a0 \u00eenseamn\u0103 tat\u0103- b\u0103rbat, mam\u0103-femeie, copii-rod al iubirii dintre ei!<\/p>\n<p style=\"text-align: justify;\"><strong>Gh.C.Br.<\/strong><\/p>\n","protected":false},"excerpt":{"rendered":"<p>Pentru c\u0103 este 8 septembrie, zi \u00een care biserica ortodox\u0103 pr\u0103znuie\u015fte NA\u015eTEREA MAICII DOMNULUI,<\/p>\n","protected":false},"author":1,"featured_media":0,"comment_status":"open","ping_status":"open","sticky":false,"template":"","format":"standard","meta":{"footnotes":""},"categories":[21],"tags":[],"class_list":["post-44994","post","type-post","status-publish","format-standard","hentry","category-opinia-mea"],"_links":{"self":[{"href":"https:\/\/www.giurgiuveanul.ro\/stiri\/wp-json\/wp\/v2\/posts\/44994","targetHints":{"allow":["GET"]}}],"collection":[{"href":"https:\/\/www.giurgiuveanul.ro\/stiri\/wp-json\/wp\/v2\/posts"}],"about":[{"href":"https:\/\/www.giurgiuveanul.ro\/stiri\/wp-json\/wp\/v2\/types\/post"}],"author":[{"embeddable":true,"href":"https:\/\/www.giurgiuveanul.ro\/stiri\/wp-json\/wp\/v2\/users\/1"}],"replies":[{"embeddable":true,"href":"https:\/\/www.giurgiuveanul.ro\/stiri\/wp-json\/wp\/v2\/comments?post=44994"}],"version-history":[{"count":0,"href":"https:\/\/www.giurgiuveanul.ro\/stiri\/wp-json\/wp\/v2\/posts\/44994\/revisions"}],"wp:attachment":[{"href":"https:\/\/www.giurgiuveanul.ro\/stiri\/wp-json\/wp\/v2\/media?parent=44994"}],"wp:term":[{"taxonomy":"category","embeddable":true,"href":"https:\/\/www.giurgiuveanul.ro\/stiri\/wp-json\/wp\/v2\/categories?post=44994"},{"taxonomy":"post_tag","embeddable":true,"href":"https:\/\/www.giurgiuveanul.ro\/stiri\/wp-json\/wp\/v2\/tags?post=44994"}],"curies":[{"name":"wp","href":"https:\/\/api.w.org\/{rel}","templated":true}]}}