{"id":45005,"date":"2017-09-09T14:05:08","date_gmt":"2017-09-09T11:05:08","guid":{"rendered":"https:\/\/www.giurgiuveanul.ro\/stiri\/?p=45005"},"modified":"2017-09-09T14:05:08","modified_gmt":"2017-09-09T11:05:08","slug":"la-multi-ani-domnule-doctor-florian-banescu","status":"publish","type":"post","link":"https:\/\/www.giurgiuveanul.ro\/stiri\/la-multi-ani-domnule-doctor-florian-banescu\/","title":{"rendered":"La Mul\u0163i Ani, domnule doctor Florian B\u0103nescu!"},"content":{"rendered":"<p style=\"text-align: justify;\"><a href=\"https:\/\/www.giurgiuveanul.ro\/stiri\/wp-content\/uploads\/2017\/09\/IMG_6905.jpg\"><img loading=\"lazy\" decoding=\"async\" class=\"aligncenter size-large wp-image-45006\" src=\"https:\/\/www.giurgiuveanul.ro\/stiri\/wp-content\/uploads\/2017\/09\/IMG_6905-271x450.jpg\" alt=\"IMG_6905\" width=\"271\" height=\"450\" srcset=\"https:\/\/www.giurgiuveanul.ro\/stiri\/wp-content\/uploads\/2017\/09\/IMG_6905-271x450.jpg 271w, https:\/\/www.giurgiuveanul.ro\/stiri\/wp-content\/uploads\/2017\/09\/IMG_6905-181x300.jpg 181w, https:\/\/www.giurgiuveanul.ro\/stiri\/wp-content\/uploads\/2017\/09\/IMG_6905-362x600.jpg 362w, https:\/\/www.giurgiuveanul.ro\/stiri\/wp-content\/uploads\/2017\/09\/IMG_6905.jpg 482w\" sizes=\"auto, (max-width: 271px) 100vw, 271px\" \/><\/a>Ast\u0103zi, 9 septembrie, c\u00e2nd <!--more-->schimba\u0163i prefixul v\u00e2rstei, mai ad\u0103uga\u0163i \u00eenc\u0103 o floare frumoas\u0103 \u00een buchetul de ani, pe care o ve\u0163i p\u0103stra \u00een Cartea Amintirilor. Fie ca Cel de Sus s\u0103 v\u0103 vegheze mereu, s\u0103 ave\u0163i parte numai de bucurii \u015fi realiz\u0103ri, s\u0103n\u0103tate \u015fi tot ceea ce v\u0103 dori\u0163i s\u0103 vi se \u00eendeplineasc\u0103.<\/p>\n<p style=\"text-align: justify;\">Primi\u0163i petala v\u00e2rstei ca pe o binecuv\u00e2ntare. S\u0103 v\u0103 fie rod al bucuriei \u015fi speran\u0163ei! Credin\u0163a \u015fi iubirea s\u0103 v\u0103 \u00eenso\u0163easc\u0103 pretutindeni, iar succesul \u015fi norocul s\u0103 le \u00eent\u00e2lni\u0163i la fiecare pas. So\u0163ia, mama, fiul, nora \u015fi nepo\u0163ica, v\u0103 transmit La Mul\u0163i Ani ferici\u0163i!<\/p>\n<p style=\"text-align: justify;\">\u015etim sigur c\u0103, ast\u0103zi, suntem mul\u0163i aceia care v\u0103 ur\u0103m, Domnule Doctor, s\u0103 fi\u0163i s\u0103n\u0103tos, plin de energie \u015fi inspira\u0163ie, mereu apreciat \u015fi iubit! S\u0103 ob\u0163ine\u0163i rezultate maxime \u00een tot ceea ce face\u0163i, s\u0103 ave\u0163i c\u0103ldur\u0103 \u015fi dragoste \u00een suflet!<\/p>\n<p style=\"text-align: justify;\"><strong>La Mul\u0163i Ani, domnule doctor Florian B\u0103nescu!<\/strong><\/p>\n","protected":false},"excerpt":{"rendered":"<p>Ast\u0103zi, 9 septembrie, c\u00e2nd<\/p>\n","protected":false},"author":1,"featured_media":0,"comment_status":"open","ping_status":"open","sticky":false,"template":"","format":"standard","meta":{"footnotes":""},"categories":[16],"tags":[],"class_list":["post-45005","post","type-post","status-publish","format-standard","hentry","category-astazi-e-ziua-ta"],"_links":{"self":[{"href":"https:\/\/www.giurgiuveanul.ro\/stiri\/wp-json\/wp\/v2\/posts\/45005","targetHints":{"allow":["GET"]}}],"collection":[{"href":"https:\/\/www.giurgiuveanul.ro\/stiri\/wp-json\/wp\/v2\/posts"}],"about":[{"href":"https:\/\/www.giurgiuveanul.ro\/stiri\/wp-json\/wp\/v2\/types\/post"}],"author":[{"embeddable":true,"href":"https:\/\/www.giurgiuveanul.ro\/stiri\/wp-json\/wp\/v2\/users\/1"}],"replies":[{"embeddable":true,"href":"https:\/\/www.giurgiuveanul.ro\/stiri\/wp-json\/wp\/v2\/comments?post=45005"}],"version-history":[{"count":0,"href":"https:\/\/www.giurgiuveanul.ro\/stiri\/wp-json\/wp\/v2\/posts\/45005\/revisions"}],"wp:attachment":[{"href":"https:\/\/www.giurgiuveanul.ro\/stiri\/wp-json\/wp\/v2\/media?parent=45005"}],"wp:term":[{"taxonomy":"category","embeddable":true,"href":"https:\/\/www.giurgiuveanul.ro\/stiri\/wp-json\/wp\/v2\/categories?post=45005"},{"taxonomy":"post_tag","embeddable":true,"href":"https:\/\/www.giurgiuveanul.ro\/stiri\/wp-json\/wp\/v2\/tags?post=45005"}],"curies":[{"name":"wp","href":"https:\/\/api.w.org\/{rel}","templated":true}]}}