{"id":45136,"date":"2017-09-13T19:50:19","date_gmt":"2017-09-13T16:50:19","guid":{"rendered":"https:\/\/www.giurgiuveanul.ro\/stiri\/?p=45136"},"modified":"2017-09-13T19:50:19","modified_gmt":"2017-09-13T16:50:19","slug":"fotografia-zilei-2","status":"publish","type":"post","link":"https:\/\/www.giurgiuveanul.ro\/stiri\/fotografia-zilei-2\/","title":{"rendered":"FOTOGRAFIA ZILEI\u2026"},"content":{"rendered":"<p style=\"text-align: justify;\"><a href=\"https:\/\/www.giurgiuveanul.ro\/stiri\/wp-content\/uploads\/2017\/09\/Neintitulat1.jpg\"><img loading=\"lazy\" decoding=\"async\" class=\"aligncenter size-large wp-image-45137\" src=\"https:\/\/www.giurgiuveanul.ro\/stiri\/wp-content\/uploads\/2017\/09\/Neintitulat1-560x405.jpg\" alt=\"Neintitulat\" width=\"560\" height=\"405\" srcset=\"https:\/\/www.giurgiuveanul.ro\/stiri\/wp-content\/uploads\/2017\/09\/Neintitulat1-560x405.jpg 560w, https:\/\/www.giurgiuveanul.ro\/stiri\/wp-content\/uploads\/2017\/09\/Neintitulat1-250x181.jpg 250w, https:\/\/www.giurgiuveanul.ro\/stiri\/wp-content\/uploads\/2017\/09\/Neintitulat1-400x290.jpg 400w, https:\/\/www.giurgiuveanul.ro\/stiri\/wp-content\/uploads\/2017\/09\/Neintitulat1.jpg 800w\" sizes=\"auto, (max-width: 560px) 100vw, 560px\" \/><\/a>Am primit de la <!--more-->un amic pe net fotografia de mai sus! Mi-a expediat-o f\u0103r\u0103 f\u0103r\u0103 vreun comentariu. Am privit-o atent, m-am \u00eentristat \u015fi i-am r\u0103spuns:.<\/p>\n<p style=\"text-align: justify;\">Tulbur\u0103toare imagine! Adev\u0103rul zilei pe care o tr\u0103im! ISTORIA se scrie doar uneori dup\u0103 voia noastr\u0103.<\/p>\n<p style=\"text-align: justify;\">Ce-i de f\u0103cut? Se rea\u015faz\u0103 lumea sau un nou TURNU BABEL?<\/p>\n<p style=\"text-align: justify;\">Dumnezeu \u015ftie, maic\u0103, ar fi zis b\u00e2ta Dobra.<\/p>\n<p style=\"text-align: center;\"><em>Gh.C.Br<\/em><\/p>\n<p style=\"text-align: justify;\">Not\u0103:<\/p>\n<ol style=\"text-align: justify;\">\n<li><strong>La televiziune, ast\u0103zi 13 septembrie 2017, se transmite \u015ftirea: <\/strong><strong>Nava cu migran\u0163i<\/strong><strong>\u00a0<\/strong><strong>depistat\u0103 mar\u0163i pe Marea Neagr\u0103, care avea la bord aproape 160 de\u00a0migran\u0163i, dintre care 56 de copii, a fost\u00a0\u00a0 salvat\u0103 de c\u0103tre ambarca\u0163iuni ale Politiei de Frontier\u0103 \u015fi a ajuns \u00een Portul\u00a0Midia\u00a0miercuri diminea\u0163a. &#8230;..\u00a0 <\/strong><\/li>\n<li><strong>Ast\u0103zi, Jean Claude .Juncker, pre<\/strong><strong>\u015fedintele Comisiei Europene, prezint\u0103 cinci scenarii ale modului \u00een care Europa ar putea evolua \u00een func\u0163ie <\/strong><strong>de direc\u0163ia \u00een care alege s\u0103 mearg\u0103.. Se precizeaz\u0103:<\/strong><em><strong>Cartea alb\u0103 a Comisiei prezint\u0103 diverse c\u0103i pe care aceast\u0103 Europ\u0103 unit\u0103, cu 27 de membri, ar putea alege s\u0103 le urmeze. Este \u00eenceputul unui proces, nu sf\u00e2r\u0219itul,<\/strong><\/em><strong><em>\u00a0<\/em><\/strong><\/li>\n<li><strong><em>Turnu Babel: <\/em><\/strong><strong>Turnul Babel nu era construit pentru a aduce slav\u0103 lui Dumnezeu, ci era dedicat unei religii false, cu scopul de a aduce faima constructorilor lui. &#8211; Geneza 11:4. \u00cens\u0103 Dumnezeu, (scris \u00een ebraic\u0103<em>YHWH<\/em>, tradus \u00een rom\u00e2n\u0103 ca<\/strong><strong><a href=\"https:\/\/ro.wikipedia.org\/wiki\/Yahweh\">Yahweh<\/a><\/strong><strong>, Iehova, sau cel mai adesea, Domnul), v\u0103z\u00e2nd c\u0103 oamenii p\u0103c\u0103tuiau \u00eempotriva lui, le-a\u00a0<em>\u00eencurcat limbile<\/em>\u00a0\u0219i a \u00eempr\u0103\u0219tiat oamenii pe tot P\u0103m\u00e2ntul.<\/strong><\/li>\n<\/ol>\n<p style=\"text-align: justify;\"><strong>&#8222;Babel&#8221; este cuv\u00e2ntul echivalent \u00een limba ebraic\u0103 al cuv\u00e2ntului akkadian\u00a0<em>Babilu<\/em>, un ora\u0219 cosmopolit recunoscut pentru multitudinea de limbi vorbite.<\/strong><a href=\"https:\/\/ro.wikipedia.org\/wiki\/Turnul_Babel#cite_note-Harris-1\"><strong><sup>[1]<\/sup><\/strong><\/a><strong>\u00a0<\/strong><strong>Turnul Babel a fost de mai multe ori asociat cu unele structuri cunoscute, mai ales cu<\/strong><a href=\"https:\/\/ro.wikipedia.org\/wiki\/Etemenanki\"><strong>Etemenanki<\/strong><\/a><strong>,\u00a0<a href=\"https:\/\/ro.wikipedia.org\/wiki\/Ziggurat\">zigguratul<\/a>\u00a0lui\u00a0<a href=\"https:\/\/ro.wikipedia.org\/wiki\/Marduk\">Marduk<\/a>, de\u00a0<a href=\"https:\/\/ro.wikipedia.org\/wiki\/Nabopolassar\">Nabopolassar<\/a>\u00a0(<a href=\"https:\/\/ro.wikipedia.org\/w\/index.php?title=Anii_610_%C3%AE.Hr.&amp;action=edit&amp;redlink=1\">anii 610 \u00ee.Hr.<\/a>). <\/strong><strong>O viziune sumerian\u0103 a acestei pove\u0219ti se p\u0103streaz\u0103 \u00een\u00a0<em>Enmerkar \u0219i Domnul Arattei<\/em>.. n.n. G.C.<span style=\"text-decoration: underline;\">Date preluate de pe net,<\/span><\/strong><\/p>\n","protected":false},"excerpt":{"rendered":"<p>Am primit de la<\/p>\n","protected":false},"author":1,"featured_media":0,"comment_status":"open","ping_status":"open","sticky":false,"template":"","format":"standard","meta":{"footnotes":""},"categories":[21],"tags":[],"class_list":["post-45136","post","type-post","status-publish","format-standard","hentry","category-opinia-mea"],"_links":{"self":[{"href":"https:\/\/www.giurgiuveanul.ro\/stiri\/wp-json\/wp\/v2\/posts\/45136","targetHints":{"allow":["GET"]}}],"collection":[{"href":"https:\/\/www.giurgiuveanul.ro\/stiri\/wp-json\/wp\/v2\/posts"}],"about":[{"href":"https:\/\/www.giurgiuveanul.ro\/stiri\/wp-json\/wp\/v2\/types\/post"}],"author":[{"embeddable":true,"href":"https:\/\/www.giurgiuveanul.ro\/stiri\/wp-json\/wp\/v2\/users\/1"}],"replies":[{"embeddable":true,"href":"https:\/\/www.giurgiuveanul.ro\/stiri\/wp-json\/wp\/v2\/comments?post=45136"}],"version-history":[{"count":0,"href":"https:\/\/www.giurgiuveanul.ro\/stiri\/wp-json\/wp\/v2\/posts\/45136\/revisions"}],"wp:attachment":[{"href":"https:\/\/www.giurgiuveanul.ro\/stiri\/wp-json\/wp\/v2\/media?parent=45136"}],"wp:term":[{"taxonomy":"category","embeddable":true,"href":"https:\/\/www.giurgiuveanul.ro\/stiri\/wp-json\/wp\/v2\/categories?post=45136"},{"taxonomy":"post_tag","embeddable":true,"href":"https:\/\/www.giurgiuveanul.ro\/stiri\/wp-json\/wp\/v2\/tags?post=45136"}],"curies":[{"name":"wp","href":"https:\/\/api.w.org\/{rel}","templated":true}]}}