{"id":45475,"date":"2017-09-24T13:19:50","date_gmt":"2017-09-24T10:19:50","guid":{"rendered":"https:\/\/www.giurgiuveanul.ro\/stiri\/?p=45475"},"modified":"2017-09-24T13:19:50","modified_gmt":"2017-09-24T10:19:50","slug":"pentru-contra","status":"publish","type":"post","link":"https:\/\/www.giurgiuveanul.ro\/stiri\/pentru-contra\/","title":{"rendered":"Pentru contra\u2026"},"content":{"rendered":"<p style=\"text-align: justify;\"><a href=\"https:\/\/www.giurgiuveanul.ro\/stiri\/wp-content\/uploads\/2017\/09\/alegeri-l.jpg\"><img loading=\"lazy\" decoding=\"async\" class=\"aligncenter size-large wp-image-45476\" src=\"https:\/\/www.giurgiuveanul.ro\/stiri\/wp-content\/uploads\/2017\/09\/alegeri-l-560x411.jpg\" alt=\"alegeri-l\" width=\"560\" height=\"411\" srcset=\"https:\/\/www.giurgiuveanul.ro\/stiri\/wp-content\/uploads\/2017\/09\/alegeri-l-560x411.jpg 560w, https:\/\/www.giurgiuveanul.ro\/stiri\/wp-content\/uploads\/2017\/09\/alegeri-l-250x183.jpg 250w, https:\/\/www.giurgiuveanul.ro\/stiri\/wp-content\/uploads\/2017\/09\/alegeri-l-400x293.jpg 400w, https:\/\/www.giurgiuveanul.ro\/stiri\/wp-content\/uploads\/2017\/09\/alegeri-l.jpg 899w\" sizes=\"auto, (max-width: 560px) 100vw, 560px\" \/><\/a>M-a \u00eentrebat cineva deun\u0103zi ce p\u0103rere am <!--more-->despre\u2026 \u00cen loc de r\u0103spuns, surprins de \u00eentrebare, m-am apucat s\u0103-i povestesc: &#8211;\u00a0<em>La sf\u00e2r\u015fit de august, am mers la Bucure\u015fti cu trenul.Lume mult\u0103 \u00een gar\u0103. <\/em><em>S-a umplut\u00a0 vagonul. Oameni de toate v\u00e2rstele. Tineri, mul\u0163i tineri. M-am sim\u0163it bine la \u00eenceput. O lini\u015fte ap\u0103s\u0103toare! <\/em><\/p>\n<p style=\"text-align: justify;\"><em>To\u0163i, aproape to\u0163i \u015fi-au scos telefoanele mobile si tabletele, unii chiar \u015fi laptopurile!. Trenul, tren rom\u00e2nesc, avea priz\u0103 pentru internet!<\/em><\/p>\n<p style=\"text-align: justify;\">Ca un <em>Mo\u015f Gheorghe la expozi\u0163ie<\/em> al lui Spiridon Popescu, m-am uitat minundu-m\u0103 de ceea ce v\u0103d. To\u0163i priveau atent ni\u015fte tablete, a\u015fa le zice!, unii r\u00e2deau de ceea ce vedeau, al\u0163ii vorbeau cu cineva. Am avut impresia ciudat\u0103 c\u0103 \u00een vagon se afl\u0103 \u015fi oameni pe care nu-i vedeam eu!<\/p>\n<p style=\"text-align: justify;\">\u015ei, ca s\u0103-i r\u0103spund amicului, \u00eel \u00eentreb \u015fi eu: &#8211;\u00a0<em>Ce p\u0103rere ai dac\u0103 vagonul de tren ar fi o sal\u0103 de clas\u0103 \u00een care elevii, cum intr\u0103 profesorul, to\u0163i elevii, hai s\u0103 spunem c\u0103 doar cea mai mare parte a lor, ar scoate telefoanele \u015fi tabletele?! \u015ei profesorul trebuie s\u0103 predea o lec\u0163ie nou\u0103.<\/em><\/p>\n<p style=\"text-align: justify;\">Mi se spune c\u0103 hot\u0103r\u00e2rea Consiliului Na\u0163ional al Elevilor\u00a0 este de a li se permite elevilor s\u0103 vin\u0103 la \u015fcoal\u0103\u00a0 cu tehnica nou\u0103 de \u00eenv\u0103\u0163are!<\/p>\n<p style=\"text-align: justify;\">G\u00e2ndindu-m\u0103 c\u0103 am sus\u0163inut ca bun\u0103 m\u0103sura de a se introduce informatica, drept obiect de studiu, \u00eenc\u0103 de la clasa a V-a, dar sim\u0163ind c\u0103 mai \u00eent\u00e2i elevii ar trebui s\u0103 \u015ftie c\u0103 \u00een anumite locuri publice, \u015fi sala de clas\u0103 este un asemenea loc, telefoanele mobile se blocheaz\u0103, apreciez c\u0103 nu pot fi dec\u00e2t pentru contra.<\/p>\n<p style=\"text-align: justify;\">Ciudat cum to\u0163i au dreptate!<\/p>\n<p style=\"text-align: justify;\">Totu\u015fi\u2026<\/p>\n<p style=\"text-align: justify;\">\n<p style=\"text-align: justify;\"><em>Profesor Gheoghe CALOT\u0102, Br\u0103ila<\/em><\/p>\n","protected":false},"excerpt":{"rendered":"<p>M-a \u00eentrebat cineva deun\u0103zi ce p\u0103rere am<\/p>\n","protected":false},"author":1,"featured_media":0,"comment_status":"open","ping_status":"open","sticky":false,"template":"","format":"standard","meta":{"footnotes":""},"categories":[21],"tags":[],"class_list":["post-45475","post","type-post","status-publish","format-standard","hentry","category-opinia-mea"],"_links":{"self":[{"href":"https:\/\/www.giurgiuveanul.ro\/stiri\/wp-json\/wp\/v2\/posts\/45475","targetHints":{"allow":["GET"]}}],"collection":[{"href":"https:\/\/www.giurgiuveanul.ro\/stiri\/wp-json\/wp\/v2\/posts"}],"about":[{"href":"https:\/\/www.giurgiuveanul.ro\/stiri\/wp-json\/wp\/v2\/types\/post"}],"author":[{"embeddable":true,"href":"https:\/\/www.giurgiuveanul.ro\/stiri\/wp-json\/wp\/v2\/users\/1"}],"replies":[{"embeddable":true,"href":"https:\/\/www.giurgiuveanul.ro\/stiri\/wp-json\/wp\/v2\/comments?post=45475"}],"version-history":[{"count":0,"href":"https:\/\/www.giurgiuveanul.ro\/stiri\/wp-json\/wp\/v2\/posts\/45475\/revisions"}],"wp:attachment":[{"href":"https:\/\/www.giurgiuveanul.ro\/stiri\/wp-json\/wp\/v2\/media?parent=45475"}],"wp:term":[{"taxonomy":"category","embeddable":true,"href":"https:\/\/www.giurgiuveanul.ro\/stiri\/wp-json\/wp\/v2\/categories?post=45475"},{"taxonomy":"post_tag","embeddable":true,"href":"https:\/\/www.giurgiuveanul.ro\/stiri\/wp-json\/wp\/v2\/tags?post=45475"}],"curies":[{"name":"wp","href":"https:\/\/api.w.org\/{rel}","templated":true}]}}