{"id":45528,"date":"2017-09-26T08:40:13","date_gmt":"2017-09-26T05:40:13","guid":{"rendered":"https:\/\/www.giurgiuveanul.ro\/stiri\/?p=45528"},"modified":"2017-09-26T08:41:04","modified_gmt":"2017-09-26T05:41:04","slug":"raspunsul-domnului-cosmin-cretu","status":"publish","type":"post","link":"https:\/\/www.giurgiuveanul.ro\/stiri\/raspunsul-domnului-cosmin-cretu\/","title":{"rendered":"R\u0103spunsul la scrisoarea adresat\u0103 domnului Cosmin Cre\u0163u"},"content":{"rendered":"<p style=\"text-align: justify;\"><a href=\"https:\/\/www.giurgiuveanul.ro\/stiri\/wp-content\/uploads\/2017\/09\/21558697_694173937449308_3872697212747966577_n.jpg\"><img loading=\"lazy\" decoding=\"async\" class=\"aligncenter size-large wp-image-45529\" src=\"https:\/\/www.giurgiuveanul.ro\/stiri\/wp-content\/uploads\/2017\/09\/21558697_694173937449308_3872697212747966577_n-472x450.jpg\" alt=\"21558697_694173937449308_3872697212747966577_n\" width=\"472\" height=\"450\" srcset=\"https:\/\/www.giurgiuveanul.ro\/stiri\/wp-content\/uploads\/2017\/09\/21558697_694173937449308_3872697212747966577_n-472x450.jpg 472w, https:\/\/www.giurgiuveanul.ro\/stiri\/wp-content\/uploads\/2017\/09\/21558697_694173937449308_3872697212747966577_n-250x238.jpg 250w, https:\/\/www.giurgiuveanul.ro\/stiri\/wp-content\/uploads\/2017\/09\/21558697_694173937449308_3872697212747966577_n-400x382.jpg 400w, https:\/\/www.giurgiuveanul.ro\/stiri\/wp-content\/uploads\/2017\/09\/21558697_694173937449308_3872697212747966577_n.jpg 800w\" sizes=\"auto, (max-width: 472px) 100vw, 472px\" \/><\/a>\u00cencep prin a face dou\u0103 preciz\u0103ri. Prima vizeaz\u0103 <!--more-->opinia semnatarului scrisorii, opinie pe care o respect \u0219i, \u00eentr-o anumit\u0103 m\u0103sur\u0103 subscriu ei. Cea de-a doua vizeaz\u0103 tonul pe care domnia-sa l-a folosit. Unul civilizat \u0219i argumentat, fapt care mi-a trezit realmente admira\u021bia.<\/p>\n<p style=\"text-align: justify;\">\u0218i acum, punctul de vedere al subsemnatului referitor la cele afirmate \u00een scrisoare \u0219i la motivul demersului de a organiza un t\u00e2rg de juc\u0103rii. A\u0219a cum am afirmat \u0219i \u00eentr-un interviu acordat postului public de radio, ideea nu este una nou\u0103, asemenea manifest\u0103ri av\u00e2nd loc peste tot \u00een lume. Subsemnatul a participat, \u00een calitate de fost actor al teatrului bucure\u0219tean Masca \u2013 de unde am recunoscut c\u0103 am \u201cimportat\u201d ideea, la vreo zece asemenea ac\u021biuni. Ocazie cu care am putut sesiza bucuria copiilor de a se transforma \u00een mici antreprenori. Sigur, orice demers trebuie filtrat prin propriul discern\u0103m\u00e2nt, iar argumentul de a propune copiilor giurgiuveni s\u0103 se transforme \u00een mici negustori nu s-a bazat numai pe acea experien\u021b\u0103, ci pe un argument. El \u021bine de ideea de <em>selectivitate<\/em>. Cred c\u0103 sunte\u021bi de acord cu mine c\u0103 nu <span style=\"text-decoration: underline;\">toate<\/span> juc\u0103riile trebuie p\u0103strate (dumneavoastr\u0103 \u00een\u0219iv\u0103 recuno\u0219tea\u021bi a fi oprit doar c\u00e2teva dintre amintirile copil\u0103riei b\u0103iatului dumneavoastr\u0103). Copiii se caracterizeaz\u0103 printr-un soi de compulsivitate, iar o asemenea ac\u021biune poate fi o excelent\u0103 ocazie de a trezi \u00een cei mici capacitatea op\u021biunii. Nu cred c\u0103 ei au fost obliga\u021bi de p\u0103rin\u021bi s\u0103 scape de ni\u0219te juc\u0103rii, ci \u00eendemna\u021bi s\u0103 opteze \u00eentre juc\u0103rii, pentru a se desp\u0103r\u021bi de cele care nu le mai reprezint\u0103 v\u00e2rsta \u0219i interesul. Fapt care \u00eemi aminte\u0219te \u0219i mie de <em>zicerea<\/em> cuiva, conform c\u0103reia \u201eomenirea se desparte de trecutul ei r\u00e2z\u00e2nd\u201d. Iar acest r\u00e2set l-ar reg\u0103sit s\u00e2mb\u0103t\u0103 pe buzele celor mici.<\/p>\n<p style=\"text-align: justify;\">Altminteri, vreau s\u0103 \u00eenchei prin a v\u0103 felicita \u00eenc\u0103 o dat\u0103 pentru modalitatea de a v\u0103 expune \u00eentr-un mod at\u00e2t de civilizat opinia. Polemica devine \u00eentr-un atare context o pl\u0103cere, iar dialogul democratic o necesitate. \u00cen plus, v\u0103 asigur c\u0103, cel pu\u021bin \u00eentr-un punct ne \u00eent\u00e2lnim: nu totul e de v\u00e2nzare, iar amintirile cele mai dragi ale copil\u0103riei trebuie p\u0103strate \u00eentr-un loc pre\u021bios, fie el m\u0103car al inimii.<\/p>\n<p style=\"text-align: justify;\">Cosmin Cre\u0163u<\/p>\n","protected":false},"excerpt":{"rendered":"<p>\u00cencep prin a face dou\u0103 preciz\u0103ri. Prima vizeaz\u0103<\/p>\n","protected":false},"author":1,"featured_media":0,"comment_status":"open","ping_status":"open","sticky":false,"template":"","format":"standard","meta":{"footnotes":""},"categories":[21],"tags":[],"class_list":["post-45528","post","type-post","status-publish","format-standard","hentry","category-opinia-mea"],"_links":{"self":[{"href":"https:\/\/www.giurgiuveanul.ro\/stiri\/wp-json\/wp\/v2\/posts\/45528","targetHints":{"allow":["GET"]}}],"collection":[{"href":"https:\/\/www.giurgiuveanul.ro\/stiri\/wp-json\/wp\/v2\/posts"}],"about":[{"href":"https:\/\/www.giurgiuveanul.ro\/stiri\/wp-json\/wp\/v2\/types\/post"}],"author":[{"embeddable":true,"href":"https:\/\/www.giurgiuveanul.ro\/stiri\/wp-json\/wp\/v2\/users\/1"}],"replies":[{"embeddable":true,"href":"https:\/\/www.giurgiuveanul.ro\/stiri\/wp-json\/wp\/v2\/comments?post=45528"}],"version-history":[{"count":0,"href":"https:\/\/www.giurgiuveanul.ro\/stiri\/wp-json\/wp\/v2\/posts\/45528\/revisions"}],"wp:attachment":[{"href":"https:\/\/www.giurgiuveanul.ro\/stiri\/wp-json\/wp\/v2\/media?parent=45528"}],"wp:term":[{"taxonomy":"category","embeddable":true,"href":"https:\/\/www.giurgiuveanul.ro\/stiri\/wp-json\/wp\/v2\/categories?post=45528"},{"taxonomy":"post_tag","embeddable":true,"href":"https:\/\/www.giurgiuveanul.ro\/stiri\/wp-json\/wp\/v2\/tags?post=45528"}],"curies":[{"name":"wp","href":"https:\/\/api.w.org\/{rel}","templated":true}]}}