{"id":45572,"date":"2017-09-27T09:24:53","date_gmt":"2017-09-27T06:24:53","guid":{"rendered":"https:\/\/www.giurgiuveanul.ro\/stiri\/?p=45572"},"modified":"2017-09-27T09:24:53","modified_gmt":"2017-09-27T06:24:53","slug":"opinie-la-raspuns-domnule-cosmin","status":"publish","type":"post","link":"https:\/\/www.giurgiuveanul.ro\/stiri\/opinie-la-raspuns-domnule-cosmin\/","title":{"rendered":"Opinie\u2026 la r\u0103spuns: \u201cDomnule Cosmin,\u201d"},"content":{"rendered":"<p style=\"text-align: justify;\"><strong><a href=\"https:\/\/www.giurgiuveanul.ro\/stiri\/wp-content\/uploads\/2017\/09\/tmp626501208978227202.jpg\"><img loading=\"lazy\" decoding=\"async\" class=\"aligncenter size-large wp-image-45573\" src=\"https:\/\/www.giurgiuveanul.ro\/stiri\/wp-content\/uploads\/2017\/09\/tmp626501208978227202-560x420.jpg\" alt=\"tmp626501208978227202\" width=\"560\" height=\"420\" srcset=\"https:\/\/www.giurgiuveanul.ro\/stiri\/wp-content\/uploads\/2017\/09\/tmp626501208978227202-560x420.jpg 560w, https:\/\/www.giurgiuveanul.ro\/stiri\/wp-content\/uploads\/2017\/09\/tmp626501208978227202-250x188.jpg 250w, https:\/\/www.giurgiuveanul.ro\/stiri\/wp-content\/uploads\/2017\/09\/tmp626501208978227202-400x300.jpg 400w, https:\/\/www.giurgiuveanul.ro\/stiri\/wp-content\/uploads\/2017\/09\/tmp626501208978227202.jpg 900w\" sizes=\"auto, (max-width: 560px) 100vw, 560px\" \/><\/a>&#8222;C\u00e2nd nu mai suntem copii <!--more-->am murit demult&#8221;<\/strong> &#8211;\u00a0Constantin Br\u00e2ncu\u015fi,<\/p>\n<p style=\"text-align: justify;\">Adresarea mea nu are nimic ironic! Arti\u015ftii, \u015fi pentru mine sunte\u0163i un artist, sunt precum regii: le este suficient\u0103 \u00a0identitatea numelui mic!<\/p>\n<p style=\"text-align: justify;\">R\u0103spunsul, pe care m\u0103rturisesc c\u0103 nu-l a\u015fteptam, v\u0103 define\u015fte: elegant \u00een expresie, adecvat \u00een ton\u00a0 \u015fi, cu deosebire, corect \u015fi limpede \u00een atitudine.<\/p>\n<p style=\"text-align: justify;\">Dac\u0103 fac unele preciz\u0103ri,\u00a0 nu pentru Dumneavoastr\u0103 le fac .<\/p>\n<p style=\"text-align: justify;\">Nu am vrut s\u0103 creez o polemic\u0103.Via\u0163a este at\u00e2t de complex\u0103, copil\u0103ria este at\u00e2t de\u00a0 fascinant\u0103, \u00eenc\u00e2t ar fi o nebunie s\u0103 crezi c\u0103 poate exista o singur\u0103\u00a0 p\u0103rere.\u00a0 Nici n-ar fi bine, cred , s\u0103 fie a\u015fa!<\/p>\n<p style=\"text-align: justify;\">Afirmam c\u00e2ndva: spune-mi cum vorbe\u015fti ca\u00a0 s\u0103-\u0163i spun cine e\u015fti. \u015ei mai spuneam, c\u0103 tot este vorba de jocul copiilor, c\u0103 avem de \u00eenv\u0103\u0163at de la copii arta \u00eemp\u0103c\u0103rii \u015fi pl\u0103cerea \u00a0de a continua jocul.<\/p>\n<p style=\"text-align: justify;\">Mi-a repro\u015fat un cititor al ziarului c\u0103 a\u015f fi un copil de dou\u0103zeci de ani care nu\u00a0 le am cu nout\u0103\u0163ile \u00een domeniul comunica\u0163iilor Are dreptate! C\u00e2nd eram de dou\u0103zeci de ani, aveam t\u0103bli\u0163\u0103, nu tablet\u0103, aveam vioar\u0103 confec\u0163ionat\u0103 de mine din coceni de porumb, aveam fluier din\u00a0 creang\u0103 de soc, aveam opinci f\u0103cute de un vecin, m\u0103 preg\u0103team cu ceata cu o lun\u0103 \u00eenainte pentru o noapte de colind, umblam trei zile dup\u0103 c\u0103lu\u015f s\u0103 v\u0103d acela\u015fi spectacol, e drept, de fiecare dat\u0103 \u00een alt\u0103 curte, eram sculat cu noaptea \u00een cap s\u0103 ajungem \u00een zori la t\u0103iatul cocenilor p\u00e2n\u0103 nu se ridic\u0103 roua&#8230;<\/p>\n<p style=\"text-align: justify;\">\u015ei ,Doamne , bine mai era, zice c\u00e2ntecul, \u015fi eu aveam dou\u0103zeci de ani!<\/p>\n<p style=\"text-align: justify;\">Timpurile sunt altele, \u00een\u0163eleg, dar ceva este neschimbat sau ar trebui s\u0103 fie neschimbat : FAMILIA care, de trei\u00a0 ori pe zi, se adun\u0103 \u00een jurul mesei prilej cu care mama \u00eenva\u0163\u0103 copilul s\u0103-\u015fi \u00eenchine fa\u0163a, familia care te face s\u0103 vrei s\u0103 vii mereu\u00a0 ACAS\u0102.<\/p>\n<p style=\"text-align: justify;\">Sunt, Domnule Cosmin, doar simple p\u0103reri asupra c\u0103rora, \u00een clipe de r\u0103gaz, meditez.<\/p>\n<p style=\"text-align: justify;\">Deocamdat\u0103, aici \u015fi acum, at\u00e2t.<\/p>\n<p style=\"text-align: center;\"><em>Cu aleas\u0103 considera\u0163ie,<\/em><\/p>\n<p style=\"text-align: center;\"><em>Prof. Gh. C. Br.<\/em><\/p>\n","protected":false},"excerpt":{"rendered":"<p>&#8222;C\u00e2nd nu mai suntem copii<\/p>\n","protected":false},"author":1,"featured_media":0,"comment_status":"open","ping_status":"open","sticky":false,"template":"","format":"standard","meta":{"footnotes":""},"categories":[21],"tags":[],"class_list":["post-45572","post","type-post","status-publish","format-standard","hentry","category-opinia-mea"],"_links":{"self":[{"href":"https:\/\/www.giurgiuveanul.ro\/stiri\/wp-json\/wp\/v2\/posts\/45572","targetHints":{"allow":["GET"]}}],"collection":[{"href":"https:\/\/www.giurgiuveanul.ro\/stiri\/wp-json\/wp\/v2\/posts"}],"about":[{"href":"https:\/\/www.giurgiuveanul.ro\/stiri\/wp-json\/wp\/v2\/types\/post"}],"author":[{"embeddable":true,"href":"https:\/\/www.giurgiuveanul.ro\/stiri\/wp-json\/wp\/v2\/users\/1"}],"replies":[{"embeddable":true,"href":"https:\/\/www.giurgiuveanul.ro\/stiri\/wp-json\/wp\/v2\/comments?post=45572"}],"version-history":[{"count":0,"href":"https:\/\/www.giurgiuveanul.ro\/stiri\/wp-json\/wp\/v2\/posts\/45572\/revisions"}],"wp:attachment":[{"href":"https:\/\/www.giurgiuveanul.ro\/stiri\/wp-json\/wp\/v2\/media?parent=45572"}],"wp:term":[{"taxonomy":"category","embeddable":true,"href":"https:\/\/www.giurgiuveanul.ro\/stiri\/wp-json\/wp\/v2\/categories?post=45572"},{"taxonomy":"post_tag","embeddable":true,"href":"https:\/\/www.giurgiuveanul.ro\/stiri\/wp-json\/wp\/v2\/tags?post=45572"}],"curies":[{"name":"wp","href":"https:\/\/api.w.org\/{rel}","templated":true}]}}