{"id":45625,"date":"2017-09-29T11:04:06","date_gmt":"2017-09-29T08:04:06","guid":{"rendered":"https:\/\/www.giurgiuveanul.ro\/stiri\/?p=45625"},"modified":"2017-09-29T11:04:06","modified_gmt":"2017-09-29T08:04:06","slug":"la-multi-ani-doamna-gabriela-serban-lupu","status":"publish","type":"post","link":"https:\/\/www.giurgiuveanul.ro\/stiri\/la-multi-ani-doamna-gabriela-serban-lupu\/","title":{"rendered":"La Mul\u0163i Ani, doamn\u0103 Gabriela \u015eerban Lupu!"},"content":{"rendered":"<p style=\"text-align: center;\"><a href=\"https:\/\/www.giurgiuveanul.ro\/stiri\/wp-content\/uploads\/2017\/09\/IMG-20170929-WA0002.jpg\"><img loading=\"lazy\" decoding=\"async\" class=\"aligncenter size-large wp-image-45626\" src=\"https:\/\/www.giurgiuveanul.ro\/stiri\/wp-content\/uploads\/2017\/09\/IMG-20170929-WA0002-265x450.jpg\" alt=\"IMG-20170929-WA0002\" width=\"265\" height=\"450\" srcset=\"https:\/\/www.giurgiuveanul.ro\/stiri\/wp-content\/uploads\/2017\/09\/IMG-20170929-WA0002-265x450.jpg 265w, https:\/\/www.giurgiuveanul.ro\/stiri\/wp-content\/uploads\/2017\/09\/IMG-20170929-WA0002-177x300.jpg 177w, https:\/\/www.giurgiuveanul.ro\/stiri\/wp-content\/uploads\/2017\/09\/IMG-20170929-WA0002-353x600.jpg 353w, https:\/\/www.giurgiuveanul.ro\/stiri\/wp-content\/uploads\/2017\/09\/IMG-20170929-WA0002.jpg 471w\" sizes=\"auto, (max-width: 265px) 100vw, 265px\" \/><\/a>V\u0103 felicit\u0103m cu ocazia <!--more-->anivers\u0103rii zilei de na\u0219tere<\/p>\n<p style=\"text-align: center;\">stimat\u0103 doamn\u0103 Manager General<\/p>\n<p style=\"text-align: center;\">al Serviciului Jude\u0163ean de Ambulan\u0163\u0103 Giurgiu,<\/p>\n<p style=\"text-align: center;\"><strong>\u00a0Gabriela \u015eerban Lupu<\/strong><\/p>\n<p style=\"text-align: center;\">\u0219i V\u0103 dorim mul\u021bi ani \u00eenainte,<\/p>\n<p style=\"text-align: center;\">succesele s\u0103 nu \u00eent\u00eerzie a v\u0103 bucura sufletul,<\/p>\n<p style=\"text-align: center;\">iar toamnele ce vor num\u0103ra anii, s\u0103 se inscrie intr-un \u0219ir nesf\u00eersit.<\/p>\n<p style=\"text-align: center;\">Mul\u021bi ani \u015fi to\u021bi plini de voie bun\u0103<\/p>\n<p style=\"text-align: center;\">dar \u0219i de\u00a0 realiz\u0103ri frumoase.<\/p>\n<p style=\"text-align: center;\">\n<p style=\"text-align: center;\"><em>Cu profund respect,<\/em><\/p>\n<p style=\"text-align: center;\"><em>colectivul Serviciului Jude\u0163ean de Ambulan\u0163\u0103 Giurgiu<\/em><\/p>\n","protected":false},"excerpt":{"rendered":"<p>V\u0103 felicit\u0103m cu ocazia<\/p>\n","protected":false},"author":1,"featured_media":0,"comment_status":"open","ping_status":"open","sticky":false,"template":"","format":"standard","meta":{"footnotes":""},"categories":[16],"tags":[],"class_list":["post-45625","post","type-post","status-publish","format-standard","hentry","category-astazi-e-ziua-ta"],"_links":{"self":[{"href":"https:\/\/www.giurgiuveanul.ro\/stiri\/wp-json\/wp\/v2\/posts\/45625","targetHints":{"allow":["GET"]}}],"collection":[{"href":"https:\/\/www.giurgiuveanul.ro\/stiri\/wp-json\/wp\/v2\/posts"}],"about":[{"href":"https:\/\/www.giurgiuveanul.ro\/stiri\/wp-json\/wp\/v2\/types\/post"}],"author":[{"embeddable":true,"href":"https:\/\/www.giurgiuveanul.ro\/stiri\/wp-json\/wp\/v2\/users\/1"}],"replies":[{"embeddable":true,"href":"https:\/\/www.giurgiuveanul.ro\/stiri\/wp-json\/wp\/v2\/comments?post=45625"}],"version-history":[{"count":0,"href":"https:\/\/www.giurgiuveanul.ro\/stiri\/wp-json\/wp\/v2\/posts\/45625\/revisions"}],"wp:attachment":[{"href":"https:\/\/www.giurgiuveanul.ro\/stiri\/wp-json\/wp\/v2\/media?parent=45625"}],"wp:term":[{"taxonomy":"category","embeddable":true,"href":"https:\/\/www.giurgiuveanul.ro\/stiri\/wp-json\/wp\/v2\/categories?post=45625"},{"taxonomy":"post_tag","embeddable":true,"href":"https:\/\/www.giurgiuveanul.ro\/stiri\/wp-json\/wp\/v2\/tags?post=45625"}],"curies":[{"name":"wp","href":"https:\/\/api.w.org\/{rel}","templated":true}]}}