{"id":46085,"date":"2017-10-16T15:13:03","date_gmt":"2017-10-16T12:13:03","guid":{"rendered":"https:\/\/www.giurgiuveanul.ro\/stiri\/?p=46085"},"modified":"2017-10-16T15:13:03","modified_gmt":"2017-10-16T12:13:03","slug":"nunti-de-vanzare","status":"publish","type":"post","link":"https:\/\/www.giurgiuveanul.ro\/stiri\/nunti-de-vanzare\/","title":{"rendered":"NUN\u0162I DE V\u00c2NZARE"},"content":{"rendered":"<p style=\"text-align: justify;\"><em><a href=\"https:\/\/www.giurgiuveanul.ro\/stiri\/wp-content\/uploads\/2017\/10\/istock-485947751.jpg\"><img loading=\"lazy\" decoding=\"async\" class=\"aligncenter size-large wp-image-46086\" src=\"https:\/\/www.giurgiuveanul.ro\/stiri\/wp-content\/uploads\/2017\/10\/istock-485947751-560x373.jpg\" alt=\"istock-485947751\" width=\"560\" height=\"373\" srcset=\"https:\/\/www.giurgiuveanul.ro\/stiri\/wp-content\/uploads\/2017\/10\/istock-485947751-560x373.jpg 560w, https:\/\/www.giurgiuveanul.ro\/stiri\/wp-content\/uploads\/2017\/10\/istock-485947751-250x167.jpg 250w, https:\/\/www.giurgiuveanul.ro\/stiri\/wp-content\/uploads\/2017\/10\/istock-485947751-400x266.jpg 400w, https:\/\/www.giurgiuveanul.ro\/stiri\/wp-content\/uploads\/2017\/10\/istock-485947751.jpg 620w\" sizes=\"auto, (max-width: 560px) 100vw, 560px\" \/><\/a>&#8230; cel pu\u021bin <!--more-->\u00eentr-un punct ne \u00eent\u00e2lnim: nu totul e de v\u00e2nzare, iar amintirile cele mai dragi ale copil\u0103riei trebuie p\u0103strate \u00eentr-un loc pre\u021bios, fie el m\u0103car al inimii.<\/em><\/p>\n<p style=\"text-align: justify;\">Citez dintr-un r\u0103spuns primit de la un distins actor giurgiuvean. \u015ei o fac, pentru c\u0103 mi-a pl\u0103cut r\u0103spunsul. De-ar fi s\u0103 \u00eendr\u0103znesc totu\u015fi o completare, a\u015f spune c\u0103 nu doar amintirile copil\u0103riei\u00a0 pot avea un loc pre\u0163ios, ci, de ce nu, amintirile pl\u0103cute ale vie\u0163ii r\u0103m\u00e2n ca zestre pentru fiecare dintre noi.<\/p>\n<p style=\"text-align: justify;\">\u00centrebarea este dac\u0103 nunta, taina nun\u0163ii, evenimentul poate cel mai important\u00a0 din via\u0163a noastr\u0103, pentru c\u0103 acest eveniment al vie\u0163ii\u00a0 anun\u0163\u0103, drept consecin\u0163\u0103, botezul, este de v\u00e2nzare?<\/p>\n<p style=\"text-align: justify;\">Bucuria nun\u0163ii era eveniment pentru sat! \u0162\u0103ranul nu cerea bani colectivit\u00ee\u0163ii pentru a-i umple curtea \u015fi chiar a juca \u00een hora mare!<\/p>\n<p style=\"text-align: justify;\">De c\u00e2nd cu televizorul, se poate vinde \u015fi nunta, \u015fi divor\u0163ul, \u015fi g\u00e2lceava dintre nor\u0103 \u015fi soacr\u0103, dintre\u00a0 mam\u0103 \u015fi copii!!!<\/p>\n<p style=\"text-align: justify;\">\u015ei, dac\u0103 se v\u00e2nd bine, de ce s\u0103 nu aib\u0103 omul mai multe nun\u0163i, mai multe divor\u0163uri, g\u00e2lcevi nenum\u0103rate \u015fi acestea, dac\u0103 se poate, transmise \u00een direct!<\/p>\n<p style=\"text-align: justify;\">Prive\u015fti la televizor, te minunezi de fastul nun\u0163ii uneori, de opulen\u0163a afi\u015fat\u0103 ostentativ alteori, de arogan\u0163a unor nunta\u015fi care \u0163in s\u0103 se vad\u0103 invita\u0163i la nunta nu \u015ftiu c\u0103rei vedete, de &#8230;, de&#8230;<\/p>\n<p style=\"text-align: justify;\">Precum Moromete \u00eentreb\u00e2ndu-l pe Coco\u015fil\u0103: <em>-Ce zici tu, Coco\u015fil\u0103, de chestia asta<\/em>, f\u0103r\u0103 a avea nimic cu telespectatorul\u00a0 care st\u0103 comod \u00een fotoliu \u015fi se delecteaz\u0103,\u00a0 f\u0103r\u0103 a m\u0103 \u00eentreba dac\u0103 miile de euro pentru a se transmite in direct nunta sunt impozita\u0163i, precum inten\u0163iona un parlamentar s\u0103 impoziteze oul luat din cuib pentru a fi servit cald la masa \u0163\u0103ranului venit de la c\u00e2mp, f\u0103r\u0103 a critica politica de program\u00a0 a televiziunilor, m\u0103 \u00eentreb \u015fi eu:- <em>Ajut\u0103 toate astea ap\u0103r\u0103rii ideii de FAMILIE?<\/em><\/p>\n<p style=\"text-align: justify;\">Un \u0163\u0103ran h\u00e2tru de la mine din sat, ridic\u00e2ndu-\u015fi p\u0103l\u0103ria pentru a-\u015fi\u00a0 sc\u0103rpina cre\u015ftetul asudat de ar\u015fi\u0163\u0103, ar zice:-<em>Nu \u015ftiu, z\u0103u, Stoico!<\/em><\/p>\n<p style=\"text-align: justify;\">Zic \u015fi eu la fel!: &#8211; Nu \u015ftiu&#8230;<\/p>\n<p style=\"text-align: justify;\">\n<p style=\"text-align: justify;\"><em>Gh.C.Br.<\/em><\/p>\n","protected":false},"excerpt":{"rendered":"<p>&#8230; cel pu\u021bin<\/p>\n","protected":false},"author":1,"featured_media":0,"comment_status":"open","ping_status":"open","sticky":false,"template":"","format":"standard","meta":{"footnotes":""},"categories":[21],"tags":[],"class_list":["post-46085","post","type-post","status-publish","format-standard","hentry","category-opinia-mea"],"_links":{"self":[{"href":"https:\/\/www.giurgiuveanul.ro\/stiri\/wp-json\/wp\/v2\/posts\/46085","targetHints":{"allow":["GET"]}}],"collection":[{"href":"https:\/\/www.giurgiuveanul.ro\/stiri\/wp-json\/wp\/v2\/posts"}],"about":[{"href":"https:\/\/www.giurgiuveanul.ro\/stiri\/wp-json\/wp\/v2\/types\/post"}],"author":[{"embeddable":true,"href":"https:\/\/www.giurgiuveanul.ro\/stiri\/wp-json\/wp\/v2\/users\/1"}],"replies":[{"embeddable":true,"href":"https:\/\/www.giurgiuveanul.ro\/stiri\/wp-json\/wp\/v2\/comments?post=46085"}],"version-history":[{"count":0,"href":"https:\/\/www.giurgiuveanul.ro\/stiri\/wp-json\/wp\/v2\/posts\/46085\/revisions"}],"wp:attachment":[{"href":"https:\/\/www.giurgiuveanul.ro\/stiri\/wp-json\/wp\/v2\/media?parent=46085"}],"wp:term":[{"taxonomy":"category","embeddable":true,"href":"https:\/\/www.giurgiuveanul.ro\/stiri\/wp-json\/wp\/v2\/categories?post=46085"},{"taxonomy":"post_tag","embeddable":true,"href":"https:\/\/www.giurgiuveanul.ro\/stiri\/wp-json\/wp\/v2\/tags?post=46085"}],"curies":[{"name":"wp","href":"https:\/\/api.w.org\/{rel}","templated":true}]}}