{"id":46166,"date":"2017-10-18T09:56:24","date_gmt":"2017-10-18T06:56:24","guid":{"rendered":"https:\/\/www.giurgiuveanul.ro\/stiri\/?p=46166"},"modified":"2017-10-18T09:57:46","modified_gmt":"2017-10-18T06:57:46","slug":"sarbatoare-in-ipj-giurgiu-la-multi-ani-doina-si-marian-popescu","status":"publish","type":"post","link":"https:\/\/www.giurgiuveanul.ro\/stiri\/sarbatoare-in-ipj-giurgiu-la-multi-ani-doina-si-marian-popescu\/","title":{"rendered":"S\u0103rb\u0103toare \u00een IPJ Giurgiu! La Mul\u0163i Ani, Doina \u015fi Marian Popescu!"},"content":{"rendered":"<p style=\"text-align: justify;\"><a href=\"https:\/\/www.giurgiuveanul.ro\/stiri\/wp-content\/uploads\/2017\/10\/IMG_2096.jpg\"><img loading=\"lazy\" decoding=\"async\" class=\"aligncenter size-large wp-image-46167\" src=\"https:\/\/www.giurgiuveanul.ro\/stiri\/wp-content\/uploads\/2017\/10\/IMG_2096-492x450.jpg\" alt=\"IMG_2096\" width=\"492\" height=\"450\" srcset=\"https:\/\/www.giurgiuveanul.ro\/stiri\/wp-content\/uploads\/2017\/10\/IMG_2096-492x450.jpg 492w, https:\/\/www.giurgiuveanul.ro\/stiri\/wp-content\/uploads\/2017\/10\/IMG_2096-250x229.jpg 250w, https:\/\/www.giurgiuveanul.ro\/stiri\/wp-content\/uploads\/2017\/10\/IMG_2096-400x366.jpg 400w, https:\/\/www.giurgiuveanul.ro\/stiri\/wp-content\/uploads\/2017\/10\/IMG_2096.jpg 800w\" sizes=\"auto, (max-width: 492px) 100vw, 492px\" \/><\/a>S\u0103rb\u0103toare \u00een Inspectoratul de Poli\u0163ie Jude\u0163ean Giurgiu. \u015eeful <!--more-->Serviciului Poli\u0163iei Rutiere, <strong>comisarul \u015fef Marian Popescu<\/strong>, \u00eempline\u015fte, ast\u0103zi, o frumoas\u0103 v\u00e2rst\u0103 \u015fi \u00ee\u015fi va aniversa ziua de na\u015ftere al\u0103turi de so\u0163ia sa, <strong>Doina<\/strong>, care, ieri, a ad\u0103ugat \u00eenc\u0103 un trandafir la buchetul vie\u0163ii.<\/p>\n<p style=\"text-align: justify;\">\u00cen aceste zile frumoase, v\u0103 dorim numai succes \u00een via\u0163\u0103, numai zile z\u00e2mbitoare, numai r\u0103s\u0103rit de soare&#8230;!<\/p>\n<p style=\"text-align: justify;\">Le dorim celor doi poli\u0163i\u015fti mult\u0103 s\u0103n\u0103tate, \u00eempliniri personale \u015fi profesionale \u015fi o via\u0163\u0103 lung\u0103 \u015fi fericit\u0103.<\/p>\n<p style=\"text-align: justify;\"><em>La Mul\u0163i Ani, Doina \u015fi Marian Popescu!<\/em><\/p>\n","protected":false},"excerpt":{"rendered":"<p>S\u0103rb\u0103toare \u00een Inspectoratul de Poli\u0163ie Jude\u0163ean Giurgiu. \u015eeful<\/p>\n","protected":false},"author":1,"featured_media":0,"comment_status":"open","ping_status":"open","sticky":false,"template":"","format":"standard","meta":{"footnotes":""},"categories":[16],"tags":[],"class_list":["post-46166","post","type-post","status-publish","format-standard","hentry","category-astazi-e-ziua-ta"],"_links":{"self":[{"href":"https:\/\/www.giurgiuveanul.ro\/stiri\/wp-json\/wp\/v2\/posts\/46166","targetHints":{"allow":["GET"]}}],"collection":[{"href":"https:\/\/www.giurgiuveanul.ro\/stiri\/wp-json\/wp\/v2\/posts"}],"about":[{"href":"https:\/\/www.giurgiuveanul.ro\/stiri\/wp-json\/wp\/v2\/types\/post"}],"author":[{"embeddable":true,"href":"https:\/\/www.giurgiuveanul.ro\/stiri\/wp-json\/wp\/v2\/users\/1"}],"replies":[{"embeddable":true,"href":"https:\/\/www.giurgiuveanul.ro\/stiri\/wp-json\/wp\/v2\/comments?post=46166"}],"version-history":[{"count":0,"href":"https:\/\/www.giurgiuveanul.ro\/stiri\/wp-json\/wp\/v2\/posts\/46166\/revisions"}],"wp:attachment":[{"href":"https:\/\/www.giurgiuveanul.ro\/stiri\/wp-json\/wp\/v2\/media?parent=46166"}],"wp:term":[{"taxonomy":"category","embeddable":true,"href":"https:\/\/www.giurgiuveanul.ro\/stiri\/wp-json\/wp\/v2\/categories?post=46166"},{"taxonomy":"post_tag","embeddable":true,"href":"https:\/\/www.giurgiuveanul.ro\/stiri\/wp-json\/wp\/v2\/tags?post=46166"}],"curies":[{"name":"wp","href":"https:\/\/api.w.org\/{rel}","templated":true}]}}