{"id":46804,"date":"2017-11-08T09:19:25","date_gmt":"2017-11-08T07:19:25","guid":{"rendered":"https:\/\/www.giurgiuveanul.ro\/stiri\/?p=46804"},"modified":"2017-11-08T09:19:25","modified_gmt":"2017-11-08T07:19:25","slug":"astazi-sfintii-arhangheli-mihail-si-gavriil-cui-trebuie-sa-spunem-la-multi-ani","status":"publish","type":"post","link":"https:\/\/www.giurgiuveanul.ro\/stiri\/astazi-sfintii-arhangheli-mihail-si-gavriil-cui-trebuie-sa-spunem-la-multi-ani\/","title":{"rendered":"Ast\u0103zi, Sfin\u0163ii Arhangheli MIHAIL \u015fi GAVRIIL: Cui trebuie s\u0103 spunem &#8222;La Mul\u0163i Ani"},"content":{"rendered":"<p style=\"text-align: justify;\"><strong><a href=\"https:\/\/www.giurgiuveanul.ro\/stiri\/wp-content\/uploads\/2017\/11\/mihail.ixjeya1085.jpg\"><img loading=\"lazy\" decoding=\"async\" class=\"aligncenter size-large wp-image-46805\" src=\"https:\/\/www.giurgiuveanul.ro\/stiri\/wp-content\/uploads\/2017\/11\/mihail.ixjeya1085-553x450.jpg\" alt=\"mihail.ixjeya1085\" width=\"553\" height=\"450\" srcset=\"https:\/\/www.giurgiuveanul.ro\/stiri\/wp-content\/uploads\/2017\/11\/mihail.ixjeya1085-553x450.jpg 553w, https:\/\/www.giurgiuveanul.ro\/stiri\/wp-content\/uploads\/2017\/11\/mihail.ixjeya1085-250x203.jpg 250w, https:\/\/www.giurgiuveanul.ro\/stiri\/wp-content\/uploads\/2017\/11\/mihail.ixjeya1085-400x326.jpg 400w, https:\/\/www.giurgiuveanul.ro\/stiri\/wp-content\/uploads\/2017\/11\/mihail.ixjeya1085.jpg 1600w\" sizes=\"auto, (max-width: 553px) 100vw, 553px\" \/><\/a>Peste 1,3 milioane de rom\u00e2ni \u00ee\u015fi serbeaz\u0103 ast\u0103zi, <!--more-->pe 8 noiembrie, ziua numelui, cu ocazia s\u0103rb\u0103torii Sfin\u0163ilor\u00a0Mihail \u015fi Gavriil. \u00cen aceast\u0103 zi, cu to\u0163ii ne g\u00e2ndim la persoanele dragi din jurul nostru care poart\u0103 aceste nume, s\u0103 le transmitem un g\u00e2nd bun cu ocazia onomasticii<\/strong>.<\/p>\n<p style=\"text-align: justify;\">A\u015fadar, transmitem cele mai frumoase g\u00e2nduri celor care poart\u0103 aceste nume al\u0103turi de tradi\u0163ionalul \u201eLa mul\u0163i ani\u201d celor \u00eempodobi\u0163i cu numele: <strong>Mihai, Mihaela, Mihaiela, Michi, Mi\u015fa, Mih\u0103i\u0163\u0103, Mi\u015fu, Mihnea, Mih\u0103il\u0103, Mihalache, Mihalcea, Mihu\u0163<\/strong>, dar \u015fi celor care se numesc <strong>Gavril\u0103, Gabi, Gabriel, G\u0103bi\u0163\u0103, Gabriela, G\u0103bi\u0163a<\/strong>.<\/p>\n<p style=\"text-align: justify;\">Pentru to\u0163i aceia care vor s\u0103 ureze \u201eLa mul\u0163i ani\u201d apropia\u0163ilor cu ocazia zilei\u00a0 onomastice, oferim mai jos c\u00e2teva sugestii de mesaje, sms-uri cu ur\u0103ri \u015fi felicitari.<\/p>\n<p style=\"text-align: justify;\"><strong>Mesaje\u00a0<\/strong><\/p>\n<p style=\"text-align: justify;\">\u00cengerul Mihail s\u0103 \u00ee\u0163i c\u0103l\u0103uzeasc\u0103 pa\u015fii, s\u0103 \u00ee\u0163i aduc\u0103 bucurie \u00een suflet \u015fi s\u0103 fie \u00eentotdeauna cu tine! La mul\u0163i ani!<\/p>\n<p style=\"text-align: justify;\">Fie ca din aceast\u0103 zi sf\u00e2nt\u0103, \u00een drumul lin al vie\u0163ii tale s\u0103 r\u0103sar\u0103 mereu c\u00e2te-o raz\u0103 de soare care s\u0103-\u0163i aduc\u0103 fericire \u015fi bucurie. La mul\u0163i ani de Sfin\u0163ii Mihail \u015fi Gavril!<\/p>\n<p style=\"text-align: justify;\">Fie ca toate \u00eent\u00e2mpl\u0103rile frumoase \u015fi spiritul acestei zile s\u0103 te \u00eenso\u0163easc\u0103 pretutindeni. \u00ce\u0163i doresc o zi de Sfin\u0163ii Mihail \u015fi Gavril c\u00e2t mai frumoas\u0103!.<\/p>\n<p style=\"text-align: justify;\">Fie ca sfintii ce te protejaz\u0103 s\u0103-\u0163i aduc\u0103 mult noroc, fericire \u015fi \u00eempliniri. S\u0103 ai o zi minunat\u0103!<\/p>\n<p style=\"text-align: justify;\">Mesaje de Sf\u00e2ntul Gavril: \u00cengerul Gavril, \u00eenger al Bunei Vestiri, s\u0103 \u00ee\u0163i c\u0103l\u0103uzeasc\u0103 pa\u015fii Gabriel\/Gabriela \u015fi s\u0103 ai parte de o zi la fel de frumoas\u0103 ca tine \u201eLa mul\u0163i ani!\u201d<\/p>\n<p style=\"text-align: justify;\">De ziua numelui t\u0103u cele mai frumoase dorinte s\u0103 devin\u0103 realitate. La multi ani, Gabriel!<\/p>\n<p style=\"text-align: justify;\">O zi frumoas\u0103 \u0219i o via\u021b\u0103 plin\u0103 de bucurii! La mul\u021bi ani, Gabriel!<\/p>\n<p style=\"text-align: justify;\">Ziua numelui s\u0103-\u0163i fie plin\u0103 de realiz\u0103ri \u015fi s\u0103 te bucuri mereu de orice lucru frumos din via\u0163a ta! La mul\u0163i ani, Gabi!<\/p>\n<p style=\"text-align: justify;\">Cu ocazia s\u0103rb\u0103torii zilei tale de nume, \u00ee\u0163i doresc mult\u0103 s\u0103n\u0103tate, fericire \u015fi s\u0103 ai parte numai de zile senine \u015fi \u00eensorite!<\/p>\n","protected":false},"excerpt":{"rendered":"<p>Peste 1,3 milioane de rom\u00e2ni \u00ee\u015fi serbeaz\u0103 ast\u0103zi,<\/p>\n","protected":false},"author":1,"featured_media":0,"comment_status":"open","ping_status":"open","sticky":false,"template":"","format":"standard","meta":{"footnotes":""},"categories":[16],"tags":[],"class_list":["post-46804","post","type-post","status-publish","format-standard","hentry","category-astazi-e-ziua-ta"],"_links":{"self":[{"href":"https:\/\/www.giurgiuveanul.ro\/stiri\/wp-json\/wp\/v2\/posts\/46804","targetHints":{"allow":["GET"]}}],"collection":[{"href":"https:\/\/www.giurgiuveanul.ro\/stiri\/wp-json\/wp\/v2\/posts"}],"about":[{"href":"https:\/\/www.giurgiuveanul.ro\/stiri\/wp-json\/wp\/v2\/types\/post"}],"author":[{"embeddable":true,"href":"https:\/\/www.giurgiuveanul.ro\/stiri\/wp-json\/wp\/v2\/users\/1"}],"replies":[{"embeddable":true,"href":"https:\/\/www.giurgiuveanul.ro\/stiri\/wp-json\/wp\/v2\/comments?post=46804"}],"version-history":[{"count":0,"href":"https:\/\/www.giurgiuveanul.ro\/stiri\/wp-json\/wp\/v2\/posts\/46804\/revisions"}],"wp:attachment":[{"href":"https:\/\/www.giurgiuveanul.ro\/stiri\/wp-json\/wp\/v2\/media?parent=46804"}],"wp:term":[{"taxonomy":"category","embeddable":true,"href":"https:\/\/www.giurgiuveanul.ro\/stiri\/wp-json\/wp\/v2\/categories?post=46804"},{"taxonomy":"post_tag","embeddable":true,"href":"https:\/\/www.giurgiuveanul.ro\/stiri\/wp-json\/wp\/v2\/tags?post=46804"}],"curies":[{"name":"wp","href":"https:\/\/api.w.org\/{rel}","templated":true}]}}