{"id":46815,"date":"2017-11-08T10:04:38","date_gmt":"2017-11-08T08:04:38","guid":{"rendered":"https:\/\/www.giurgiuveanul.ro\/stiri\/?p=46815"},"modified":"2017-11-08T10:04:49","modified_gmt":"2017-11-08T08:04:49","slug":"46815","status":"publish","type":"post","link":"https:\/\/www.giurgiuveanul.ro\/stiri\/46815\/","title":{"rendered":"La Mul\u0163i Ani, Mihaela Popescu!"},"content":{"rendered":"<p style=\"text-align: justify;\"><a href=\"https:\/\/www.giurgiuveanul.ro\/stiri\/wp-content\/uploads\/2017\/11\/IMG-20171107-WA0000.jpg\"><img loading=\"lazy\" decoding=\"async\" class=\"aligncenter size-large wp-image-46816\" src=\"https:\/\/www.giurgiuveanul.ro\/stiri\/wp-content\/uploads\/2017\/11\/IMG-20171107-WA0000-375x450.jpg\" alt=\"IMG-20171107-WA0000\" width=\"375\" height=\"450\" srcset=\"https:\/\/www.giurgiuveanul.ro\/stiri\/wp-content\/uploads\/2017\/11\/IMG-20171107-WA0000-375x450.jpg 375w, https:\/\/www.giurgiuveanul.ro\/stiri\/wp-content\/uploads\/2017\/11\/IMG-20171107-WA0000-250x300.jpg 250w, https:\/\/www.giurgiuveanul.ro\/stiri\/wp-content\/uploads\/2017\/11\/IMG-20171107-WA0000-400x480.jpg 400w, https:\/\/www.giurgiuveanul.ro\/stiri\/wp-content\/uploads\/2017\/11\/IMG-20171107-WA0000.jpg 666w\" sizes=\"auto, (max-width: 375px) 100vw, 375px\" \/><\/a>Cu ocazia zilei onomastice, <!--more-->p\u0103rin\u0163ii, logodnicul \u015fi prietenii \u00ee\u021bi ureaz\u0103 un cer senin, un soare str\u0103lucitor, fericire deplin\u0103 \u0219i tot ceea ce este mai pur \u0219i mai luminos.<\/p>\n<p style=\"text-align: justify;\">Fie ca aceast\u0103 s\u0103rb\u0103toare s\u0103-\u021bi aduc\u0103 \u00een dar realizarea tuturor visurilor.<\/p>\n<p style=\"text-align: justify;\">S\u0103-\u0163i fie via\u021ba senin\u0103 ca r\u0103s\u0103ritul de soare, iar sufletul mereu curat \u0219i t\u00e2n\u0103r ca roua de pe flori. O zi de neuitat care s\u0103 \u021bin\u0103 o via\u021b\u0103!<\/p>\n<p style=\"text-align: justify;\"><em>La Mul\u0163i Ani, Mihaela!<\/em><\/p>\n","protected":false},"excerpt":{"rendered":"<p>Cu ocazia zilei onomastice,<\/p>\n","protected":false},"author":1,"featured_media":0,"comment_status":"open","ping_status":"open","sticky":false,"template":"","format":"standard","meta":{"footnotes":""},"categories":[16],"tags":[],"class_list":["post-46815","post","type-post","status-publish","format-standard","hentry","category-astazi-e-ziua-ta"],"_links":{"self":[{"href":"https:\/\/www.giurgiuveanul.ro\/stiri\/wp-json\/wp\/v2\/posts\/46815","targetHints":{"allow":["GET"]}}],"collection":[{"href":"https:\/\/www.giurgiuveanul.ro\/stiri\/wp-json\/wp\/v2\/posts"}],"about":[{"href":"https:\/\/www.giurgiuveanul.ro\/stiri\/wp-json\/wp\/v2\/types\/post"}],"author":[{"embeddable":true,"href":"https:\/\/www.giurgiuveanul.ro\/stiri\/wp-json\/wp\/v2\/users\/1"}],"replies":[{"embeddable":true,"href":"https:\/\/www.giurgiuveanul.ro\/stiri\/wp-json\/wp\/v2\/comments?post=46815"}],"version-history":[{"count":0,"href":"https:\/\/www.giurgiuveanul.ro\/stiri\/wp-json\/wp\/v2\/posts\/46815\/revisions"}],"wp:attachment":[{"href":"https:\/\/www.giurgiuveanul.ro\/stiri\/wp-json\/wp\/v2\/media?parent=46815"}],"wp:term":[{"taxonomy":"category","embeddable":true,"href":"https:\/\/www.giurgiuveanul.ro\/stiri\/wp-json\/wp\/v2\/categories?post=46815"},{"taxonomy":"post_tag","embeddable":true,"href":"https:\/\/www.giurgiuveanul.ro\/stiri\/wp-json\/wp\/v2\/tags?post=46815"}],"curies":[{"name":"wp","href":"https:\/\/api.w.org\/{rel}","templated":true}]}}