{"id":46822,"date":"2017-11-08T11:07:38","date_gmt":"2017-11-08T09:07:38","guid":{"rendered":"https:\/\/www.giurgiuveanul.ro\/stiri\/?p=46822"},"modified":"2017-11-08T11:07:38","modified_gmt":"2017-11-08T09:07:38","slug":"la-multi-ani-maestre-emil-gabriel-vuca","status":"publish","type":"post","link":"https:\/\/www.giurgiuveanul.ro\/stiri\/la-multi-ani-maestre-emil-gabriel-vuca\/","title":{"rendered":"La Mul\u0163i Ani, Maestre Emil Gabriel Vuc\u0103!"},"content":{"rendered":"<p><a href=\"https:\/\/www.giurgiuveanul.ro\/stiri\/wp-content\/uploads\/2017\/11\/22788971_714098268790208_6649285489066280773_n1.jpg\"><img loading=\"lazy\" decoding=\"async\" class=\"size-large wp-image-46824 aligncenter\" src=\"https:\/\/www.giurgiuveanul.ro\/stiri\/wp-content\/uploads\/2017\/11\/22788971_714098268790208_6649285489066280773_n1-290x450.jpg\" alt=\"22788971_714098268790208_6649285489066280773_n\" width=\"290\" height=\"450\" srcset=\"https:\/\/www.giurgiuveanul.ro\/stiri\/wp-content\/uploads\/2017\/11\/22788971_714098268790208_6649285489066280773_n1-290x450.jpg 290w, https:\/\/www.giurgiuveanul.ro\/stiri\/wp-content\/uploads\/2017\/11\/22788971_714098268790208_6649285489066280773_n1-193x300.jpg 193w, https:\/\/www.giurgiuveanul.ro\/stiri\/wp-content\/uploads\/2017\/11\/22788971_714098268790208_6649285489066280773_n1-386x600.jpg 386w, https:\/\/www.giurgiuveanul.ro\/stiri\/wp-content\/uploads\/2017\/11\/22788971_714098268790208_6649285489066280773_n1.jpg 618w\" sizes=\"auto, (max-width: 290px) 100vw, 290px\" \/><\/a><\/p>\n<p style=\"text-align: justify;\">La Mul\u0163i Ani, <strong>Maestre Emil Gabriel Vuc\u0103<\/strong>, s\u0103n\u0103tate, fericire, bucurii \u015fi<!--more--> \u00eempliniri al\u0103turi de cei dragi v\u0103 dorim cu ocazia Sfin\u0163ilor Mihail \u015fi Gavriil.<\/p>\n<p style=\"text-align: justify;\">S\u0103 ave\u0163i puterea s\u0103 face\u0163i lumea mai bun\u0103 \u015fi s\u0103 ferici\u0163i pe to\u0163i din jur cu bun\u0103tatea, dragostea \u015fi cu frumuse\u0163ea sufletului dumneavoastr\u0103!<\/p>\n<p style=\"text-align: justify;\">Ziua numelui s\u0103 v\u0103 fie luminoas\u0103 \u015fi s\u0103 se prelungeasc\u0103 \u00een multe altele aduc\u0103toare de bucurii \u015fi \u00eempliniri!<\/p>\n<p style=\"text-align: justify;\"><em>La Mul\u0163i Ani, Maestre Emil Gabriel Vuc\u0103!<\/em><\/p>\n","protected":false},"excerpt":{"rendered":"<p>La Mul\u0163i Ani, Maestre Emil Gabriel Vuc\u0103, s\u0103n\u0103tate, fericire, bucurii \u015fi<\/p>\n","protected":false},"author":1,"featured_media":0,"comment_status":"open","ping_status":"open","sticky":false,"template":"","format":"standard","meta":{"footnotes":""},"categories":[16],"tags":[],"class_list":["post-46822","post","type-post","status-publish","format-standard","hentry","category-astazi-e-ziua-ta"],"_links":{"self":[{"href":"https:\/\/www.giurgiuveanul.ro\/stiri\/wp-json\/wp\/v2\/posts\/46822","targetHints":{"allow":["GET"]}}],"collection":[{"href":"https:\/\/www.giurgiuveanul.ro\/stiri\/wp-json\/wp\/v2\/posts"}],"about":[{"href":"https:\/\/www.giurgiuveanul.ro\/stiri\/wp-json\/wp\/v2\/types\/post"}],"author":[{"embeddable":true,"href":"https:\/\/www.giurgiuveanul.ro\/stiri\/wp-json\/wp\/v2\/users\/1"}],"replies":[{"embeddable":true,"href":"https:\/\/www.giurgiuveanul.ro\/stiri\/wp-json\/wp\/v2\/comments?post=46822"}],"version-history":[{"count":0,"href":"https:\/\/www.giurgiuveanul.ro\/stiri\/wp-json\/wp\/v2\/posts\/46822\/revisions"}],"wp:attachment":[{"href":"https:\/\/www.giurgiuveanul.ro\/stiri\/wp-json\/wp\/v2\/media?parent=46822"}],"wp:term":[{"taxonomy":"category","embeddable":true,"href":"https:\/\/www.giurgiuveanul.ro\/stiri\/wp-json\/wp\/v2\/categories?post=46822"},{"taxonomy":"post_tag","embeddable":true,"href":"https:\/\/www.giurgiuveanul.ro\/stiri\/wp-json\/wp\/v2\/tags?post=46822"}],"curies":[{"name":"wp","href":"https:\/\/api.w.org\/{rel}","templated":true}]}}