{"id":4697,"date":"2013-04-28T13:48:15","date_gmt":"2013-04-28T10:48:15","guid":{"rendered":"https:\/\/www.giurgiuveanul.ro\/stiri\/?p=4697"},"modified":"2013-04-28T13:48:15","modified_gmt":"2013-04-28T10:48:15","slug":"la-multi-ani-celor-care-si-sarbatoresc-onomastica-de-florii-trimite-urare-de-florii-celor-dragi","status":"publish","type":"post","link":"https:\/\/www.giurgiuveanul.ro\/stiri\/la-multi-ani-celor-care-si-sarbatoresc-onomastica-de-florii-trimite-urare-de-florii-celor-dragi\/","title":{"rendered":"La Mul\u021bi Ani celor care-\u0219i s\u0103rb\u0103toresc onomastica de Florii! Trimite o urare de Florii celor dragi!"},"content":{"rendered":"<p><a href=\"https:\/\/www.giurgiuveanul.ro\/stiri\/wp-content\/uploads\/2013\/04\/Sarbatoriti-de-Florii.jpg\"><img loading=\"lazy\" decoding=\"async\" class=\"aligncenter size-large wp-image-4698\" alt=\"Sarbatoriti de Florii\" src=\"https:\/\/www.giurgiuveanul.ro\/stiri\/wp-content\/uploads\/2013\/04\/Sarbatoriti-de-Florii-560x193.jpg\" width=\"560\" height=\"193\" srcset=\"https:\/\/www.giurgiuveanul.ro\/stiri\/wp-content\/uploads\/2013\/04\/Sarbatoriti-de-Florii-560x193.jpg 560w, https:\/\/www.giurgiuveanul.ro\/stiri\/wp-content\/uploads\/2013\/04\/Sarbatoriti-de-Florii-250x86.jpg 250w, https:\/\/www.giurgiuveanul.ro\/stiri\/wp-content\/uploads\/2013\/04\/Sarbatoriti-de-Florii.jpg 800w\" sizes=\"auto, (max-width: 560px) 100vw, 560px\" \/><\/a>La mul\u021bi ani celor care \u00ee\u0219i s\u0103rb\u0103toresc de Florii, \u00een aceast\u0103 duminic\u0103 dinaintea Pa\u0219tilor, ziua numelui dar \u0219i nou\u0103 tuturor celor care ne minun\u0103m c\u0103 \u00een sf\u00e2r\u0219it a venit prim\u0103vara! S\u0103 fi\u021bi s\u0103n\u0103to\u0219i, frumo\u0219i \u0219i plini de veselie! S\u0103 avem cu to\u021bii o prim\u0103var\u0103 frumoas\u0103 \u0219i s\u0103 ne bucur\u0103m de natur\u0103 \u0219i de culorile ei!<\/p>\n<p>Redac\u021bia GIURGIUVEANUL v\u0103 ureaz\u0103 \u201eLa mul\u0163i ani\u201d acelora cu numele de floare, sau se numesc Florin(a) ori Florentin(a)! S\u0103 ave\u0163i o via\u0163\u0103 colorat\u0103 cu bucurii \u015fi \u00eenmiresmat\u0103 cu fericire, s\u0103 fi\u021bi frumo\u0219i \u0219i ferici\u021bi de ziua voastr\u0103!<\/p>\n<p>S\u0103rb\u0103toarea Floriilor s\u0103<!--more--> v\u0103 aduc\u0103 tuturor bucurie \u00een suflet, frumuse\u0163e-n g\u00e2nduri \u015fi mult\u0103 dragoste!<\/p>\n<p>\u00cen imagine c\u00e2\u021biva dintre prietenii \u0219i colegii no\u0219tri c\u0103rora le spunem La Mul\u021bi Ani!<\/p>\n","protected":false},"excerpt":{"rendered":"<p>La mul\u021bi ani celor care \u00ee\u0219i s\u0103rb\u0103toresc de Florii, \u00een aceast\u0103 duminic\u0103 dinaintea Pa\u0219tilor, ziua numelui dar \u0219i nou\u0103 tuturor celor care ne minun\u0103m c\u0103 \u00een sf\u00e2r\u0219it a venit prim\u0103vara! S\u0103 fi\u021bi s\u0103n\u0103to\u0219i, frumo\u0219i \u0219i plini de veselie! S\u0103 avem cu to\u021bii o prim\u0103var\u0103 frumoas\u0103 \u0219i s\u0103 ne bucur\u0103m de natur\u0103 \u0219i de culorile ei! [&hellip;]<\/p>\n","protected":false},"author":2,"featured_media":0,"comment_status":"open","ping_status":"open","sticky":false,"template":"","format":"standard","meta":{"footnotes":""},"categories":[16],"tags":[],"class_list":["post-4697","post","type-post","status-publish","format-standard","hentry","category-astazi-e-ziua-ta"],"_links":{"self":[{"href":"https:\/\/www.giurgiuveanul.ro\/stiri\/wp-json\/wp\/v2\/posts\/4697","targetHints":{"allow":["GET"]}}],"collection":[{"href":"https:\/\/www.giurgiuveanul.ro\/stiri\/wp-json\/wp\/v2\/posts"}],"about":[{"href":"https:\/\/www.giurgiuveanul.ro\/stiri\/wp-json\/wp\/v2\/types\/post"}],"author":[{"embeddable":true,"href":"https:\/\/www.giurgiuveanul.ro\/stiri\/wp-json\/wp\/v2\/users\/2"}],"replies":[{"embeddable":true,"href":"https:\/\/www.giurgiuveanul.ro\/stiri\/wp-json\/wp\/v2\/comments?post=4697"}],"version-history":[{"count":0,"href":"https:\/\/www.giurgiuveanul.ro\/stiri\/wp-json\/wp\/v2\/posts\/4697\/revisions"}],"wp:attachment":[{"href":"https:\/\/www.giurgiuveanul.ro\/stiri\/wp-json\/wp\/v2\/media?parent=4697"}],"wp:term":[{"taxonomy":"category","embeddable":true,"href":"https:\/\/www.giurgiuveanul.ro\/stiri\/wp-json\/wp\/v2\/categories?post=4697"},{"taxonomy":"post_tag","embeddable":true,"href":"https:\/\/www.giurgiuveanul.ro\/stiri\/wp-json\/wp\/v2\/tags?post=4697"}],"curies":[{"name":"wp","href":"https:\/\/api.w.org\/{rel}","templated":true}]}}