{"id":47004,"date":"2017-11-13T12:24:03","date_gmt":"2017-11-13T10:24:03","guid":{"rendered":"https:\/\/www.giurgiuveanul.ro\/stiri\/?p=47004"},"modified":"2017-11-13T12:24:03","modified_gmt":"2017-11-13T10:24:03","slug":"la-multi-ani-domnule-primar-nicolae-barbu-3","status":"publish","type":"post","link":"https:\/\/www.giurgiuveanul.ro\/stiri\/la-multi-ani-domnule-primar-nicolae-barbu-3\/","title":{"rendered":"La Mul\u0163i Ani, domnule primar Nicolae Barbu!"},"content":{"rendered":"<p><a href=\"https:\/\/www.giurgiuveanul.ro\/stiri\/wp-content\/uploads\/2017\/11\/Nicolae-Barbu-9-mai-2013.jpg\"><img loading=\"lazy\" decoding=\"async\" class=\"aligncenter size-large wp-image-46660\" src=\"https:\/\/www.giurgiuveanul.ro\/stiri\/wp-content\/uploads\/2017\/11\/Nicolae-Barbu-9-mai-2013-560x437.jpg\" alt=\"Nicolae-Barbu-9-mai-2013\" width=\"560\" height=\"437\" srcset=\"https:\/\/www.giurgiuveanul.ro\/stiri\/wp-content\/uploads\/2017\/11\/Nicolae-Barbu-9-mai-2013-560x437.jpg 560w, https:\/\/www.giurgiuveanul.ro\/stiri\/wp-content\/uploads\/2017\/11\/Nicolae-Barbu-9-mai-2013-250x195.jpg 250w, https:\/\/www.giurgiuveanul.ro\/stiri\/wp-content\/uploads\/2017\/11\/Nicolae-Barbu-9-mai-2013-400x312.jpg 400w, https:\/\/www.giurgiuveanul.ro\/stiri\/wp-content\/uploads\/2017\/11\/Nicolae-Barbu-9-mai-2013.jpg 800w\" sizes=\"auto, (max-width: 560px) 100vw, 560px\" \/><\/a>Ast\u0103zi, primarul municipiului Giurgiu, Nicolae Barbu,<!--more--> se afl\u0103 la ceas aniversar. Cu aceast\u0103 ocazie, v\u0103 adres\u0103m cele sincere felicit\u0103ri \u015fi ur\u0103ri de bine, domnule primar! V\u0103 dorim s\u0103n\u0103tate, r\u0103bdare \u015fi curaj, putere de munc\u0103 \u015fi reu\u015fit\u0103 deplin\u0103 \u00een toate proiectele pe care le ave\u0163i pentru locuitorii municipiului Giurgiu.<\/p>\n<p>La mul\u0163i ani ferici\u0163i \u015fi \u00eemplini\u0163i, domnule primar! S\u0103 r\u0103m\u00e2ne\u0163i la fel de activ, curajos \u015fi \u00eencrez\u0103tor \u00een tot ceea ce v-a\u0163i propus s\u0103 realiza\u0163i pe parcursul celui de-al doilea mandat de primar al Giurgiului!<\/p>\n","protected":false},"excerpt":{"rendered":"<p>Ast\u0103zi, primarul municipiului Giurgiu, Nicolae Barbu,<\/p>\n","protected":false},"author":1,"featured_media":0,"comment_status":"open","ping_status":"open","sticky":false,"template":"","format":"standard","meta":{"footnotes":""},"categories":[16],"tags":[],"class_list":["post-47004","post","type-post","status-publish","format-standard","hentry","category-astazi-e-ziua-ta"],"_links":{"self":[{"href":"https:\/\/www.giurgiuveanul.ro\/stiri\/wp-json\/wp\/v2\/posts\/47004","targetHints":{"allow":["GET"]}}],"collection":[{"href":"https:\/\/www.giurgiuveanul.ro\/stiri\/wp-json\/wp\/v2\/posts"}],"about":[{"href":"https:\/\/www.giurgiuveanul.ro\/stiri\/wp-json\/wp\/v2\/types\/post"}],"author":[{"embeddable":true,"href":"https:\/\/www.giurgiuveanul.ro\/stiri\/wp-json\/wp\/v2\/users\/1"}],"replies":[{"embeddable":true,"href":"https:\/\/www.giurgiuveanul.ro\/stiri\/wp-json\/wp\/v2\/comments?post=47004"}],"version-history":[{"count":0,"href":"https:\/\/www.giurgiuveanul.ro\/stiri\/wp-json\/wp\/v2\/posts\/47004\/revisions"}],"wp:attachment":[{"href":"https:\/\/www.giurgiuveanul.ro\/stiri\/wp-json\/wp\/v2\/media?parent=47004"}],"wp:term":[{"taxonomy":"category","embeddable":true,"href":"https:\/\/www.giurgiuveanul.ro\/stiri\/wp-json\/wp\/v2\/categories?post=47004"},{"taxonomy":"post_tag","embeddable":true,"href":"https:\/\/www.giurgiuveanul.ro\/stiri\/wp-json\/wp\/v2\/tags?post=47004"}],"curies":[{"name":"wp","href":"https:\/\/api.w.org\/{rel}","templated":true}]}}