{"id":47376,"date":"2017-11-23T15:10:07","date_gmt":"2017-11-23T13:10:07","guid":{"rendered":"https:\/\/www.giurgiuveanul.ro\/stiri\/?p=47376"},"modified":"2017-11-23T15:10:07","modified_gmt":"2017-11-23T13:10:07","slug":"dan-mucenic-66-la-multi-multi-ani-maestre","status":"publish","type":"post","link":"https:\/\/www.giurgiuveanul.ro\/stiri\/dan-mucenic-66-la-multi-multi-ani-maestre\/","title":{"rendered":"Dan Mucenic,  66! La mul\u021bi, mul\u021bi ani, Maestre!"},"content":{"rendered":"<p style=\"text-align: justify;\"><a href=\"https:\/\/www.giurgiuveanul.ro\/stiri\/wp-content\/uploads\/2017\/11\/Mucenic-Dan-foto.jpg\"><img loading=\"lazy\" decoding=\"async\" class=\"aligncenter size-large wp-image-47377\" src=\"https:\/\/www.giurgiuveanul.ro\/stiri\/wp-content\/uploads\/2017\/11\/Mucenic-Dan-foto-560x325.jpg\" alt=\"Mucenic-Dan-foto\" width=\"560\" height=\"325\" srcset=\"https:\/\/www.giurgiuveanul.ro\/stiri\/wp-content\/uploads\/2017\/11\/Mucenic-Dan-foto-560x325.jpg 560w, https:\/\/www.giurgiuveanul.ro\/stiri\/wp-content\/uploads\/2017\/11\/Mucenic-Dan-foto-250x145.jpg 250w, https:\/\/www.giurgiuveanul.ro\/stiri\/wp-content\/uploads\/2017\/11\/Mucenic-Dan-foto-400x232.jpg 400w, https:\/\/www.giurgiuveanul.ro\/stiri\/wp-content\/uploads\/2017\/11\/Mucenic-Dan-foto.jpg 800w\" sizes=\"auto, (max-width: 560px) 100vw, 560px\" \/><\/a>Publicist remarcabil, cu <!--more-->o carier\u0103 impresionant\u0103 \u0219i cu o reputa\u021bie deosebit\u0103. Unul dintre cei mai talentan\u0163i \u015fi aprecia\u0163i oameni de cultur\u0103 giurgiuveni, un devorator de literatur\u0103 de calitate, n\u0103scut la 23 noiembrie 1951, concitadinul nostru, Dan Mucenic, \u00eempline\u015fte ast\u0103zi frumoasa v\u00e2rst\u0103 de 66 de ani.<\/p>\n<p style=\"text-align: justify;\">Ocazie de aduceri aminte pentru numeroase genera\u0163ii de liceeni, jurnali\u015fti de pres\u0103 scris\u0103, radio \u015fi televiziune, scriitori, dar \u015fi prieteni de-o via\u0163\u0103, oameni pe care Dan Mucenic i-a sus\u0163inut, \u00eencurajat, i-a format \u015fi inspirat&#8230; F\u0103r\u0103 doar \u015fi poate, Maestrul Dan Mucenic poate fi considerat un brand cultural al Giurgiului.<\/p>\n<p style=\"text-align: justify;\">Redac\u0163ia \u201eGiurgiuveanul\u201d \u00eei ureaz\u0103 \u201eLa mul\u021bi ani\u201d!<\/p>\n<p style=\"text-align: justify;\">M\u0103 al\u0103tur \u015fi eu celor care i-au exprimat g\u00e2nduri de sincer\u0103 apreciere, adres\u00e2ndu-i un sincer La Mul\u0163i Ani, Maestre Dan Mucenic! S\u0103 ne tr\u0103i\u0163i \u0219i s\u0103 ne bucura\u0163i cu ceea ce scrie\u0163i!<\/p>\n<p>&nbsp;<\/p>\n<p><em>Vasile Arcanu<\/em><\/p>\n","protected":false},"excerpt":{"rendered":"<p>Publicist remarcabil, cu<\/p>\n","protected":false},"author":1,"featured_media":0,"comment_status":"open","ping_status":"open","sticky":false,"template":"","format":"standard","meta":{"footnotes":""},"categories":[16],"tags":[],"class_list":["post-47376","post","type-post","status-publish","format-standard","hentry","category-astazi-e-ziua-ta"],"_links":{"self":[{"href":"https:\/\/www.giurgiuveanul.ro\/stiri\/wp-json\/wp\/v2\/posts\/47376","targetHints":{"allow":["GET"]}}],"collection":[{"href":"https:\/\/www.giurgiuveanul.ro\/stiri\/wp-json\/wp\/v2\/posts"}],"about":[{"href":"https:\/\/www.giurgiuveanul.ro\/stiri\/wp-json\/wp\/v2\/types\/post"}],"author":[{"embeddable":true,"href":"https:\/\/www.giurgiuveanul.ro\/stiri\/wp-json\/wp\/v2\/users\/1"}],"replies":[{"embeddable":true,"href":"https:\/\/www.giurgiuveanul.ro\/stiri\/wp-json\/wp\/v2\/comments?post=47376"}],"version-history":[{"count":0,"href":"https:\/\/www.giurgiuveanul.ro\/stiri\/wp-json\/wp\/v2\/posts\/47376\/revisions"}],"wp:attachment":[{"href":"https:\/\/www.giurgiuveanul.ro\/stiri\/wp-json\/wp\/v2\/media?parent=47376"}],"wp:term":[{"taxonomy":"category","embeddable":true,"href":"https:\/\/www.giurgiuveanul.ro\/stiri\/wp-json\/wp\/v2\/categories?post=47376"},{"taxonomy":"post_tag","embeddable":true,"href":"https:\/\/www.giurgiuveanul.ro\/stiri\/wp-json\/wp\/v2\/tags?post=47376"}],"curies":[{"name":"wp","href":"https:\/\/api.w.org\/{rel}","templated":true}]}}