{"id":47563,"date":"2017-11-30T08:19:21","date_gmt":"2017-11-30T06:19:21","guid":{"rendered":"https:\/\/www.giurgiuveanul.ro\/stiri\/?p=47563"},"modified":"2017-11-30T08:19:21","modified_gmt":"2017-11-30T06:19:21","slug":"la-multi-ani-de-sfantul-andrei","status":"publish","type":"post","link":"https:\/\/www.giurgiuveanul.ro\/stiri\/la-multi-ani-de-sfantul-andrei\/","title":{"rendered":"La Mul\u021bi Ani&#8230; de Sf\u00e2ntul Andrei!"},"content":{"rendered":"<p style=\"text-align: justify;\"><a href=\"https:\/\/www.giurgiuveanul.ro\/stiri\/wp-content\/uploads\/2017\/11\/ODAmaGFzaD0xYjY1OTFmZjM4ZDczNDVkZjBiOWYxYmU0OWExM2I1Mg.thumb_.jpg\"><img loading=\"lazy\" decoding=\"async\" class=\"aligncenter size-large wp-image-47564\" src=\"https:\/\/www.giurgiuveanul.ro\/stiri\/wp-content\/uploads\/2017\/11\/ODAmaGFzaD0xYjY1OTFmZjM4ZDczNDVkZjBiOWYxYmU0OWExM2I1Mg.thumb_-560x420.jpg\" alt=\"ODAmaGFzaD0xYjY1OTFmZjM4ZDczNDVkZjBiOWYxYmU0OWExM2I1Mg==.thumb\" width=\"560\" height=\"420\" srcset=\"https:\/\/www.giurgiuveanul.ro\/stiri\/wp-content\/uploads\/2017\/11\/ODAmaGFzaD0xYjY1OTFmZjM4ZDczNDVkZjBiOWYxYmU0OWExM2I1Mg.thumb_-560x420.jpg 560w, https:\/\/www.giurgiuveanul.ro\/stiri\/wp-content\/uploads\/2017\/11\/ODAmaGFzaD0xYjY1OTFmZjM4ZDczNDVkZjBiOWYxYmU0OWExM2I1Mg.thumb_-250x188.jpg 250w, https:\/\/www.giurgiuveanul.ro\/stiri\/wp-content\/uploads\/2017\/11\/ODAmaGFzaD0xYjY1OTFmZjM4ZDczNDVkZjBiOWYxYmU0OWExM2I1Mg.thumb_-400x300.jpg 400w, https:\/\/www.giurgiuveanul.ro\/stiri\/wp-content\/uploads\/2017\/11\/ODAmaGFzaD0xYjY1OTFmZjM4ZDczNDVkZjBiOWYxYmU0OWExM2I1Mg.thumb_.jpg 580w\" sizes=\"auto, (max-width: 560px) 100vw, 560px\" \/><\/a>Cre\u015ftinii \u00eel s\u0103rb\u0103toresc ast\u0103zi, 30 noiembrie, pe Sf\u00e2ntul Andrei, considerat <!--more-->cre\u015ftin\u0103torul neamului rom\u00e2nesc.<\/p>\n<p style=\"text-align: justify;\">Sf\u00e2ntul Andrei este una dintre cele mai apreciate figuri de sf\u00e2nt \u00een spa\u021biul rom\u00e2nesc, o mul\u0163ime de l\u0103ca\u015furi de cult poart\u0103 hramul acestuia, iar foarte mul\u0163i rom\u00e2ni poart\u0103 numele de Andrei, Andreea sau derivate ale acestora. Mai mult, Biserica Ortodox\u0103 Rom\u00e2n\u0103 l-a declarat pe Sf\u00e2ntul Apostol Andrei drept ocrotitorul Rom\u00e2niei.<\/p>\n<p style=\"text-align: justify;\">Dintre b\u0103rba\u0163ii care \u00ee\u015fi serbeaz\u0103 onomastica ast\u0103zi cei mai mul\u021bi poarta numele de Andrei, Andras, Andreas, Endre. \u00cen cazul femeilor, majoritare sunt cele cu numele Andreea, urmate de Andra, \u0219i Andrea.<\/p>\n<p style=\"text-align: justify;\"><em>Tuturor&#8230; un sincer La Mul\u021bi Ani!<\/em><\/p>\n<p style=\"text-align: justify;\">\u00cen anul 2012 , Senatul a adoptat tacit propunerea ca Sf. Andrei s\u0103 fie s\u0103rb\u0103toare legal\u0103.<\/p>\n<p style=\"text-align: center;\"><strong>SMS-uri de Sf\u00e2ntul Andrei\u00a0<\/strong><\/p>\n<p style=\"text-align: justify;\">\u2013 Adev\u0103rata frumuse\u0163e vine din suflet \u015fi \u00eenc\u0103lze\u015fte lumea cu bun\u0103tatea, onestitatea \u015fi compasiunea ei. E\u015fti o persoan\u0103 cu adev\u0103rat special\u0103 \u015fi \u00ee\u0163i urez s\u0103 ai parte de o zi minunat\u0103. La mul\u0163i ani, Andrei\/Andreea!<\/p>\n<p style=\"text-align: justify;\">\u2013 S\u0103 ai parte de dragoste \u015fi fericire \u00een via\u0163a. Sf\u00e2ntul Andrei e cu tine!<\/p>\n<p style=\"text-align: justify;\">\u2013 Andrei\/Andreea \u00ee\u0163i urez s\u0103 ai o via\u0163\u0103 frumoas\u0103 ca r\u0103s\u0103ritul de soare, iar sufletul s\u0103-\u0163i fie curat ca neaua. \u00ce\u0163i urez o zi de neuitat \u015fi un c\u0103lduros La Mul\u0163i Ani!<\/p>\n<p style=\"text-align: justify;\">\u2013 Azi, de ziua numelui, \u00ee\u0163i urez \u015fi eu s\u0103 fii iubit(\u0103) \u015fi s\u0103 ai parte de tot ce \u00ee\u0163i dore\u015fti. La mul\u0163i ani!<\/p>\n<p style=\"text-align: justify;\">\u2013 Ce bine c\u0103 e ziua ta azi, pentru c\u0103 am o scuz\u0103 ca s\u0103 \u00ee\u0163i spun din nou c\u00e2t de mult Te iubesc! \u2026 \u015fi s\u0103 \u00ee\u0163i urez La Mul\u0163i Ani!<\/p>\n<p style=\"text-align: justify;\">\u2013 Cele mai calde g\u00e2nduri \u015fi ur\u0103ri de s\u0103n\u0103tate, fericire, bucurii \u015fi \u00eempliniri. S\u0103 fii iubit\u0103 \u015fi fericit\u0103 \u00een fiecare moment al vie\u0163ii tale. La Mul\u0163i Ani!<\/p>\n<p style=\"text-align: justify;\">\u2013 Cu ocazia s\u0103rb\u0103torii zilei tale de nume, \u00ee\u0163i doresc mult\u0103 s\u0103n\u0103tate, fericire \u015fi tot binele din lume \u015fi s\u0103 ai parte numai de zile senine \u015fi insorite! La mul\u0163i ani!<\/p>\n","protected":false},"excerpt":{"rendered":"<p>Cre\u015ftinii \u00eel s\u0103rb\u0103toresc ast\u0103zi, 30 noiembrie, pe Sf\u00e2ntul Andrei, considerat<\/p>\n","protected":false},"author":1,"featured_media":0,"comment_status":"open","ping_status":"open","sticky":false,"template":"","format":"standard","meta":{"footnotes":""},"categories":[16],"tags":[],"class_list":["post-47563","post","type-post","status-publish","format-standard","hentry","category-astazi-e-ziua-ta"],"_links":{"self":[{"href":"https:\/\/www.giurgiuveanul.ro\/stiri\/wp-json\/wp\/v2\/posts\/47563","targetHints":{"allow":["GET"]}}],"collection":[{"href":"https:\/\/www.giurgiuveanul.ro\/stiri\/wp-json\/wp\/v2\/posts"}],"about":[{"href":"https:\/\/www.giurgiuveanul.ro\/stiri\/wp-json\/wp\/v2\/types\/post"}],"author":[{"embeddable":true,"href":"https:\/\/www.giurgiuveanul.ro\/stiri\/wp-json\/wp\/v2\/users\/1"}],"replies":[{"embeddable":true,"href":"https:\/\/www.giurgiuveanul.ro\/stiri\/wp-json\/wp\/v2\/comments?post=47563"}],"version-history":[{"count":0,"href":"https:\/\/www.giurgiuveanul.ro\/stiri\/wp-json\/wp\/v2\/posts\/47563\/revisions"}],"wp:attachment":[{"href":"https:\/\/www.giurgiuveanul.ro\/stiri\/wp-json\/wp\/v2\/media?parent=47563"}],"wp:term":[{"taxonomy":"category","embeddable":true,"href":"https:\/\/www.giurgiuveanul.ro\/stiri\/wp-json\/wp\/v2\/categories?post=47563"},{"taxonomy":"post_tag","embeddable":true,"href":"https:\/\/www.giurgiuveanul.ro\/stiri\/wp-json\/wp\/v2\/tags?post=47563"}],"curies":[{"name":"wp","href":"https:\/\/api.w.org\/{rel}","templated":true}]}}