{"id":47586,"date":"2017-12-01T08:06:11","date_gmt":"2017-12-01T06:06:11","guid":{"rendered":"https:\/\/www.giurgiuveanul.ro\/stiri\/?p=47586"},"modified":"2017-12-01T08:06:11","modified_gmt":"2017-12-01T06:06:11","slug":"la-multi-ani-romania-la-multi-ani-romani","status":"publish","type":"post","link":"https:\/\/www.giurgiuveanul.ro\/stiri\/la-multi-ani-romania-la-multi-ani-romani\/","title":{"rendered":"La Mul\u0163i Ani, Rom\u00e2nia! La Mul\u0163i Ani, rom\u00e2ni!"},"content":{"rendered":"<p style=\"text-align: justify;\"><strong><a href=\"https:\/\/www.giurgiuveanul.ro\/stiri\/wp-content\/uploads\/2017\/12\/Ziua_Nationala_a_Romaniei.jpg\"><img loading=\"lazy\" decoding=\"async\" class=\"aligncenter size-large wp-image-47588\" src=\"https:\/\/www.giurgiuveanul.ro\/stiri\/wp-content\/uploads\/2017\/12\/Ziua_Nationala_a_Romaniei-447x450.jpg\" alt=\"Ziua_Nationala_a_Romaniei\" width=\"447\" height=\"450\" srcset=\"https:\/\/www.giurgiuveanul.ro\/stiri\/wp-content\/uploads\/2017\/12\/Ziua_Nationala_a_Romaniei-447x450.jpg 447w, https:\/\/www.giurgiuveanul.ro\/stiri\/wp-content\/uploads\/2017\/12\/Ziua_Nationala_a_Romaniei-250x251.jpg 250w, https:\/\/www.giurgiuveanul.ro\/stiri\/wp-content\/uploads\/2017\/12\/Ziua_Nationala_a_Romaniei-200x200.jpg 200w, https:\/\/www.giurgiuveanul.ro\/stiri\/wp-content\/uploads\/2017\/12\/Ziua_Nationala_a_Romaniei-400x402.jpg 400w, https:\/\/www.giurgiuveanul.ro\/stiri\/wp-content\/uploads\/2017\/12\/Ziua_Nationala_a_Romaniei.jpg 855w\" sizes=\"auto, (max-width: 447px) 100vw, 447px\" \/><\/a>To\u0163i rom\u00e2nii s\u0103rb\u0103toresc pe 1 Decembrie, Ziua Na\u0163ional\u0103 a Rom\u00e2niei.<\/strong><\/p>\n<p style=\"text-align: justify;\">Ziua de 1 Decembrie <!--more-->a fost stabilit\u0103 ca Ziua Na\u0163ional\u0103 a Rom\u00e2niei \u00een 1990, prin legea nr. 10 din 31 iulie.<\/p>\n<p style=\"text-align: justify;\">Alegerea zilei de 1 decembrie a f\u0103cut trimitere la Unirea Transilvaniei, Banatului, Cri\u015fanei \u015fi Maramure\u015fului cu Rom\u00e2nia, \u00een 1918, respectiv la Proclama\u0163ia de la Alba Iulia.<\/p>\n<p style=\"text-align: justify;\">Ziua de 1 Decembrie 1918 \u00eencununeaz\u0103 lupta rom\u00e2nilor transilv\u0103neni pentru Unitate Na\u0163ional\u0103 \u015fi marcheaz\u0103 momentul cre\u0103rii Rom\u00e2niei Mari, situ\u00e2ndu-se \u00een continuarea precedentelor actiuni unioniste ale fra\u0163ilor din Basarabia (27 martie 1918) \u015fi Bucovina (15 \/ 28 noiembrie 1918).<\/p>\n<p style=\"text-align: justify;\"><em>La mul\u0163i ani cu s\u0103n\u0103tate, s\u0103 v\u0103 dea Domnul tot ce dori\u0163i, zile senine \u015fi fericire, la mul\u0163i ani s\u0103 tr\u0103i\u0163i&#8230; rom\u00e2ni!<\/em><\/p>\n","protected":false},"excerpt":{"rendered":"<p>To\u0163i rom\u00e2nii s\u0103rb\u0103toresc pe 1 Decembrie, Ziua Na\u0163ional\u0103 a Rom\u00e2niei. Ziua de 1 Decembrie<\/p>\n","protected":false},"author":1,"featured_media":0,"comment_status":"open","ping_status":"open","sticky":false,"template":"","format":"standard","meta":{"footnotes":""},"categories":[10],"tags":[],"class_list":["post-47586","post","type-post","status-publish","format-standard","hentry","category-la-multi-ani"],"_links":{"self":[{"href":"https:\/\/www.giurgiuveanul.ro\/stiri\/wp-json\/wp\/v2\/posts\/47586","targetHints":{"allow":["GET"]}}],"collection":[{"href":"https:\/\/www.giurgiuveanul.ro\/stiri\/wp-json\/wp\/v2\/posts"}],"about":[{"href":"https:\/\/www.giurgiuveanul.ro\/stiri\/wp-json\/wp\/v2\/types\/post"}],"author":[{"embeddable":true,"href":"https:\/\/www.giurgiuveanul.ro\/stiri\/wp-json\/wp\/v2\/users\/1"}],"replies":[{"embeddable":true,"href":"https:\/\/www.giurgiuveanul.ro\/stiri\/wp-json\/wp\/v2\/comments?post=47586"}],"version-history":[{"count":0,"href":"https:\/\/www.giurgiuveanul.ro\/stiri\/wp-json\/wp\/v2\/posts\/47586\/revisions"}],"wp:attachment":[{"href":"https:\/\/www.giurgiuveanul.ro\/stiri\/wp-json\/wp\/v2\/media?parent=47586"}],"wp:term":[{"taxonomy":"category","embeddable":true,"href":"https:\/\/www.giurgiuveanul.ro\/stiri\/wp-json\/wp\/v2\/categories?post=47586"},{"taxonomy":"post_tag","embeddable":true,"href":"https:\/\/www.giurgiuveanul.ro\/stiri\/wp-json\/wp\/v2\/tags?post=47586"}],"curies":[{"name":"wp","href":"https:\/\/api.w.org\/{rel}","templated":true}]}}