{"id":47650,"date":"2017-12-03T12:42:20","date_gmt":"2017-12-03T10:42:20","guid":{"rendered":"https:\/\/www.giurgiuveanul.ro\/stiri\/?p=47650"},"modified":"2017-12-03T16:04:42","modified_gmt":"2017-12-03T14:04:42","slug":"partie","status":"publish","type":"post","link":"https:\/\/www.giurgiuveanul.ro\/stiri\/partie\/","title":{"rendered":"P\u00c2RTIE!"},"content":{"rendered":"<p style=\"text-align: center;\"><strong><a href=\"https:\/\/www.giurgiuveanul.ro\/stiri\/wp-content\/uploads\/2017\/12\/Neintitulat.png\"><img loading=\"lazy\" decoding=\"async\" class=\"aligncenter size-large wp-image-47651\" src=\"https:\/\/www.giurgiuveanul.ro\/stiri\/wp-content\/uploads\/2017\/12\/Neintitulat-560x332.png\" alt=\"Neintitulat\" width=\"560\" height=\"332\" srcset=\"https:\/\/www.giurgiuveanul.ro\/stiri\/wp-content\/uploads\/2017\/12\/Neintitulat-560x332.png 560w, https:\/\/www.giurgiuveanul.ro\/stiri\/wp-content\/uploads\/2017\/12\/Neintitulat-250x148.png 250w, https:\/\/www.giurgiuveanul.ro\/stiri\/wp-content\/uploads\/2017\/12\/Neintitulat-400x237.png 400w, https:\/\/www.giurgiuveanul.ro\/stiri\/wp-content\/uploads\/2017\/12\/Neintitulat.png 800w\" sizes=\"auto, (max-width: 560px) 100vw, 560px\" \/><\/a>Dou\u0103<!--more--> imagini rev\u0103zute de cur\u00e2nd m-au \u00eendemnat la reflec\u0163ie pe care, nu \u015ftiu de ce, simt nevoia s\u0103 o m\u0103rturisesc.<\/strong><\/p>\n<p style=\"text-align: center;\"><strong>\u00a0<\/strong><\/p>\n<p style=\"text-align: center;\"><strong>Prima<\/strong><\/p>\n<p style=\"text-align: center;\"><strong>peisaj montan, z\u0103pad\u0103 mult\u0103 , o p\u00e2rtie \u015fi copii, mul\u0163i copii. Unul dintre ei, cu fa\u0163a rumen\u0103 , obrajii sp\u0103la\u0163i de spicul de ninsoare, cu o voce nedefinit\u0103 \u00eenc\u0103, \u00een iure\u015ful\u00a0 cobor\u00e2rii pe o pung\u0103 de plastic striga c\u00e2t \u00eel \u0163ineau puterile&#8230; P\u0102RTIE!<\/strong><\/p>\n<p style=\"text-align: center;\"><strong>O f\u0103cea, cred, copilul g\u00e2ndindu-se mai ales la cei care veneau dup\u0103 el! Supreb\u0103 grija copilului pentru cei care \u00eei urmau!<\/strong><\/p>\n<p style=\"text-align: center;\"><strong>\u00a0<\/strong><\/p>\n<p style=\"text-align: center;\"><strong>A doua<\/strong><\/p>\n<p style=\"text-align: center;\"><strong>la \u00a0un meci de fotbal, to\u0163i juc\u0103torii ambelor echipe erau \u0163inu\u0163i de m\u00e2n\u0103 de copii \u015fi condu\u015fi p\u00e2n\u0103 la centrul terenului de parc\u0103 ar fi vrut s\u0103 le atrag\u0103 aten\u0163ia c\u0103 jocul ar trebui s\u0103 se desf\u0103\u015foare \u00een spirit sportiv.\u00a0 Superb\u0103 \u00a0grija \u00a0copiilor pentru \u00a0spectatorii din tribune sau, de ce nu, pentru \u00a0cei de-acas\u0103, care urmau s\u0103 vad\u0103 \u00a0spectacolul la televizor!<\/strong><\/p>\n<p style=\"text-align: center;\"><strong>\u00a0<\/strong><\/p>\n<p style=\"text-align: center;\"><strong>Spun copiii de multe ori lucruri tr\u0103znite, dar totdeauna sunt sinceri \u00een ceea ce fac! Multe avem de \u00eenv\u0103\u0163at de la ei. <\/strong><\/p>\n<p style=\"text-align: center;\"><strong>Cu deosebire, arta \u00eemp\u0103c\u0103rii \u00een reluarea jocului.<\/strong><\/p>\n<p style=\"text-align: center;\"><strong>\u00a0<\/strong><\/p>\n<p style=\"text-align: center;\"><strong>Ce-ar fi ca, la\u00a0 fiecare inceput de sesiune\u00a0 parlamentar\u0103,<\/strong><\/p>\n<p style=\"text-align: center;\"><strong>to\u0163i ale\u015fii s\u0103 fie condu\u015fi de m\u00e2n\u0103 p\u00e2n\u0103 \u00een u\u015fa parlamentului de c\u00e2te un copil,<\/strong><\/p>\n<p style=\"text-align: center;\"><strong>iar unul dintre copii s\u0103 strige<\/strong><\/p>\n<p style=\"text-align: center;\"><strong>P\u00c2RTIE<\/strong> !<\/p>\n<p style=\"text-align: center;\">Gh.C.Br.<\/p>\n","protected":false},"excerpt":{"rendered":"<p>Dou\u0103<\/p>\n","protected":false},"author":1,"featured_media":0,"comment_status":"open","ping_status":"open","sticky":false,"template":"","format":"standard","meta":{"footnotes":""},"categories":[21],"tags":[],"class_list":["post-47650","post","type-post","status-publish","format-standard","hentry","category-opinia-mea"],"_links":{"self":[{"href":"https:\/\/www.giurgiuveanul.ro\/stiri\/wp-json\/wp\/v2\/posts\/47650","targetHints":{"allow":["GET"]}}],"collection":[{"href":"https:\/\/www.giurgiuveanul.ro\/stiri\/wp-json\/wp\/v2\/posts"}],"about":[{"href":"https:\/\/www.giurgiuveanul.ro\/stiri\/wp-json\/wp\/v2\/types\/post"}],"author":[{"embeddable":true,"href":"https:\/\/www.giurgiuveanul.ro\/stiri\/wp-json\/wp\/v2\/users\/1"}],"replies":[{"embeddable":true,"href":"https:\/\/www.giurgiuveanul.ro\/stiri\/wp-json\/wp\/v2\/comments?post=47650"}],"version-history":[{"count":0,"href":"https:\/\/www.giurgiuveanul.ro\/stiri\/wp-json\/wp\/v2\/posts\/47650\/revisions"}],"wp:attachment":[{"href":"https:\/\/www.giurgiuveanul.ro\/stiri\/wp-json\/wp\/v2\/media?parent=47650"}],"wp:term":[{"taxonomy":"category","embeddable":true,"href":"https:\/\/www.giurgiuveanul.ro\/stiri\/wp-json\/wp\/v2\/categories?post=47650"},{"taxonomy":"post_tag","embeddable":true,"href":"https:\/\/www.giurgiuveanul.ro\/stiri\/wp-json\/wp\/v2\/tags?post=47650"}],"curies":[{"name":"wp","href":"https:\/\/api.w.org\/{rel}","templated":true}]}}