{"id":47747,"date":"2017-12-07T17:40:59","date_gmt":"2017-12-07T15:40:59","guid":{"rendered":"https:\/\/www.giurgiuveanul.ro\/stiri\/?p=47747"},"modified":"2017-12-07T17:40:59","modified_gmt":"2017-12-07T15:40:59","slug":"intru-multi-ani-preasfintite-parinte-episcop-ambroziefoto","status":"publish","type":"post","link":"https:\/\/www.giurgiuveanul.ro\/stiri\/intru-multi-ani-preasfintite-parinte-episcop-ambroziefoto\/","title":{"rendered":"\u00centru Mul\u0163i Ani, Preasfin\u0163ite P\u0103rinte Episcop Ambrozie!(FOTO)"},"content":{"rendered":"<p style=\"text-align: justify;\"><strong><a href=\"https:\/\/www.giurgiuveanul.ro\/stiri\/wp-content\/uploads\/2017\/12\/IMG_1004.jpg\"><img loading=\"lazy\" decoding=\"async\" class=\"aligncenter size-large wp-image-47748\" src=\"https:\/\/www.giurgiuveanul.ro\/stiri\/wp-content\/uploads\/2017\/12\/IMG_1004-556x450.jpg\" alt=\"IMG_1004\" width=\"556\" height=\"450\" srcset=\"https:\/\/www.giurgiuveanul.ro\/stiri\/wp-content\/uploads\/2017\/12\/IMG_1004-556x450.jpg 556w, https:\/\/www.giurgiuveanul.ro\/stiri\/wp-content\/uploads\/2017\/12\/IMG_1004-250x202.jpg 250w, https:\/\/www.giurgiuveanul.ro\/stiri\/wp-content\/uploads\/2017\/12\/IMG_1004-400x324.jpg 400w, https:\/\/www.giurgiuveanul.ro\/stiri\/wp-content\/uploads\/2017\/12\/IMG_1004.jpg 800w\" sizes=\"auto, (max-width: 556px) 100vw, 556px\" \/><\/a>Ast\u0103zi, 7 decembrie 2017, <!--more-->c\u00e2nd Biserica Ortodox\u0103 \u00eei s\u0103rb\u0103tore\u015fte pe Sf\u00e2nta Muceni\u0163\u0103 Filofteia \u015fi pe Sf\u00e2ntul Ierarh Ambrozie al Mediolanului, Preasfin\u0163itul P\u0103rinte Episcop Ambrozie, \u00eenconjurat de un sobor de preo\u0163i \u015fi diaconi, a s\u0103v\u00e2r\u015fit Sf\u00e2nta \u0219i Dumnezeiasca Liturghie \u00een noua CATEDRAL\u0102 EPISCOPAL\u0102, cu hramurile Sf Mare Mucenic Gheorghe \u0219i Sf. Vasile cel Mare, din municipiul Giurgiu.<\/strong><\/p>\n<p style=\"text-align: justify;\"><a href=\"https:\/\/www.giurgiuveanul.ro\/stiri\/wp-content\/uploads\/2017\/12\/IMG_0746.jpg\"><img loading=\"lazy\" decoding=\"async\" class=\"aligncenter size-large wp-image-47750\" src=\"https:\/\/www.giurgiuveanul.ro\/stiri\/wp-content\/uploads\/2017\/12\/IMG_0746-560x425.jpg\" alt=\"IMG_0746\" width=\"560\" height=\"425\" srcset=\"https:\/\/www.giurgiuveanul.ro\/stiri\/wp-content\/uploads\/2017\/12\/IMG_0746-560x425.jpg 560w, https:\/\/www.giurgiuveanul.ro\/stiri\/wp-content\/uploads\/2017\/12\/IMG_0746-250x190.jpg 250w, https:\/\/www.giurgiuveanul.ro\/stiri\/wp-content\/uploads\/2017\/12\/IMG_0746-400x304.jpg 400w, https:\/\/www.giurgiuveanul.ro\/stiri\/wp-content\/uploads\/2017\/12\/IMG_0746.jpg 800w\" sizes=\"auto, (max-width: 560px) 100vw, 560px\" \/><\/a><\/p>\n<p style=\"text-align: justify;\">\n<p style=\"text-align: justify;\"><a href=\"https:\/\/www.giurgiuveanul.ro\/stiri\/wp-content\/uploads\/2017\/12\/IMG_0692.jpg\"><img loading=\"lazy\" decoding=\"async\" class=\"aligncenter size-large wp-image-47753\" src=\"https:\/\/www.giurgiuveanul.ro\/stiri\/wp-content\/uploads\/2017\/12\/IMG_0692-560x355.jpg\" alt=\"IMG_0692\" width=\"560\" height=\"355\" srcset=\"https:\/\/www.giurgiuveanul.ro\/stiri\/wp-content\/uploads\/2017\/12\/IMG_0692-560x355.jpg 560w, https:\/\/www.giurgiuveanul.ro\/stiri\/wp-content\/uploads\/2017\/12\/IMG_0692-250x158.jpg 250w, https:\/\/www.giurgiuveanul.ro\/stiri\/wp-content\/uploads\/2017\/12\/IMG_0692-400x254.jpg 400w, https:\/\/www.giurgiuveanul.ro\/stiri\/wp-content\/uploads\/2017\/12\/IMG_0692.jpg 800w\" sizes=\"auto, (max-width: 560px) 100vw, 560px\" \/><\/a><\/p>\n<p style=\"text-align: justify;\">\n<p style=\"text-align: justify;\"><a href=\"https:\/\/www.giurgiuveanul.ro\/stiri\/wp-content\/uploads\/2017\/12\/IMG_0762.jpg\"><img loading=\"lazy\" decoding=\"async\" class=\"aligncenter size-large wp-image-47754\" src=\"https:\/\/www.giurgiuveanul.ro\/stiri\/wp-content\/uploads\/2017\/12\/IMG_0762-485x450.jpg\" alt=\"IMG_0762\" width=\"485\" height=\"450\" srcset=\"https:\/\/www.giurgiuveanul.ro\/stiri\/wp-content\/uploads\/2017\/12\/IMG_0762-485x450.jpg 485w, https:\/\/www.giurgiuveanul.ro\/stiri\/wp-content\/uploads\/2017\/12\/IMG_0762-250x232.jpg 250w, https:\/\/www.giurgiuveanul.ro\/stiri\/wp-content\/uploads\/2017\/12\/IMG_0762-400x371.jpg 400w, https:\/\/www.giurgiuveanul.ro\/stiri\/wp-content\/uploads\/2017\/12\/IMG_0762.jpg 800w\" sizes=\"auto, (max-width: 485px) 100vw, 485px\" \/><\/a><\/p>\n<p style=\"text-align: justify;\">\u00cen cuv\u00e2ntul de \u00eenv\u0103\u0163\u0103tur\u0103, \u00cent\u00e2ist\u0103t\u0103torul Eparhiei noastre a vorbit despre via\u0163a Sfintei Filofteia, ocrotitoarea copiilor \u015fi a tinerilor, al c\u0103rei suflet f\u0103r\u0103 prihan\u0103 \u015fi sf\u00e2nt se odihne\u015fte \u015fi se vesele\u015fte \u00een ceruri \u00een \u00eemp\u0103r\u0103\u0163ia lui Dumnezeu.<\/p>\n<p style=\"text-align: justify;\"><a href=\"https:\/\/www.giurgiuveanul.ro\/stiri\/wp-content\/uploads\/2017\/12\/IMG_0638.jpg\"><img loading=\"lazy\" decoding=\"async\" class=\"aligncenter size-large wp-image-47749\" src=\"https:\/\/www.giurgiuveanul.ro\/stiri\/wp-content\/uploads\/2017\/12\/IMG_0638-380x450.jpg\" alt=\"IMG_0638\" width=\"380\" height=\"450\" srcset=\"https:\/\/www.giurgiuveanul.ro\/stiri\/wp-content\/uploads\/2017\/12\/IMG_0638-380x450.jpg 380w, https:\/\/www.giurgiuveanul.ro\/stiri\/wp-content\/uploads\/2017\/12\/IMG_0638-250x296.jpg 250w, https:\/\/www.giurgiuveanul.ro\/stiri\/wp-content\/uploads\/2017\/12\/IMG_0638-400x473.jpg 400w, https:\/\/www.giurgiuveanul.ro\/stiri\/wp-content\/uploads\/2017\/12\/IMG_0638.jpg 676w\" sizes=\"auto, (max-width: 380px) 100vw, 380px\" \/><\/a><\/p>\n<p style=\"text-align: justify;\">Sf\u00e2nta Filofteia are un mesaj special, \u00eentotdeauna actual, pentru tineri \u015fi familiile lor. Ea, care nu a g\u0103sit dragoste \u00een familia sa, a devenit capabil\u0103, cu ajutorul harului Sf\u00e2ntului Duh, s\u0103 prefac\u0103 acest neajuns \u00een iubire de semeni, a afirmat Preasfin\u0163ia Sa.<\/p>\n<p style=\"text-align: justify;\">De asemenea, Chiriarhul nostru a vorbit \u0219i despre via\u0163a Sf. Ierarh Ambrozie al Mediolanului, care este un model pentru umanitate \u015fi contemporan oric\u0103rei genera\u0163ii. Sf\u00e2ntul Ambrozie s-a ostenit necontenit pentru ocrotirea unit\u0103\u0163ii \u015fi p\u0103cii \u00een Ortodoxie \u015fi pentru p\u0103strarea ne\u015ftirbit\u0103 a dreptei credin\u0163e \u00een Apus.<\/p>\n<p style=\"text-align: justify;\">La final, p\u0103rintele Cristian Popa, fost colaborator al Chiriarhului nostru \u00een vremea c\u00e2nd Preasfin\u021bia Sa era episcop-vicar patriarhal, a rostit un cuv\u00e2nt \u00een care a fost rememorat\u0103 lucrarea arhip\u0103storeasc\u0103 \u00een Eparhia Giurgiului.<\/p>\n<p style=\"text-align: justify;\">Totodat\u0103, Preasfin\u021bia Sa a mul\u0163umit lui Dumnezeu pentru ajutorul dat, dar \u015fi celor prezen\u0163i, clerici \u015fi credincio\u015fi, pentru ur\u0103rile de bine transmise cu prilejul pr\u0103znuirii Sf\u00e2ntului Ierarh Ambrozie, ocrotitorului s\u0103u spiritual.<\/p>\n<p style=\"text-align: justify;\">\u00cen continuare, Chiriarhul nostru a s\u0103v\u00e2r\u0219it o slujb\u0103 de pomenire pentru Patriarhii Justianian \u0219i Teoctist, precum \u0219i pentru odihna sufletului Regelui Mihai I al Rom\u00e2niei, \u00eendemn\u00e2ndu-i pe preo\u021bii \u0219i credincio\u0219ii din Episcopia Giurgiului s\u0103-l pomeneasc\u0103 \u00een rug\u0103ciuni lor pe Majestatea Sa, care a trecut la cele ve\u015fnice \u00een ziua de 5 decembrie 2017. La final, a avut loc lansarea Monografiei M\u0103n\u0103stirea Mislea \u2013 trecut \u0219i prezent, ce \u00eel are ca autor pe domnul prof. Niculaie Meleac\u0103.<\/p>\n<p style=\"text-align: justify;\"><a href=\"https:\/\/www.giurgiuveanul.ro\/stiri\/wp-content\/uploads\/2017\/12\/IMG_0889.jpg\"><img loading=\"lazy\" decoding=\"async\" class=\"aligncenter size-large wp-image-47752\" src=\"https:\/\/www.giurgiuveanul.ro\/stiri\/wp-content\/uploads\/2017\/12\/IMG_0889-395x450.jpg\" alt=\"IMG_0889\" width=\"395\" height=\"450\" srcset=\"https:\/\/www.giurgiuveanul.ro\/stiri\/wp-content\/uploads\/2017\/12\/IMG_0889-395x450.jpg 395w, https:\/\/www.giurgiuveanul.ro\/stiri\/wp-content\/uploads\/2017\/12\/IMG_0889-250x285.jpg 250w, https:\/\/www.giurgiuveanul.ro\/stiri\/wp-content\/uploads\/2017\/12\/IMG_0889-400x456.jpg 400w, https:\/\/www.giurgiuveanul.ro\/stiri\/wp-content\/uploads\/2017\/12\/IMG_0889.jpg 702w\" sizes=\"auto, (max-width: 395px) 100vw, 395px\" \/><\/a><\/p>\n<p style=\"text-align: justify;\">Preo\u021bii care au participat la acest eveniment important din via\u021ba eparhiei noastre au primit, din partea Ierarhului lor, aceast\u0103 lucrare ap\u0103rut\u0103 recent la editura Episcopiei Giurgiului, al\u0103turi de calendare \u0219i Pastorala la Na\u0219terea Domnului nostru Iisus Hristos.<\/p>\n<p style=\"text-align: justify;\">To\u021bi cei prezen\u021bi au avut bucuria de a se \u00eenchina la p\u0103rticele din moa\u015ftele Sf. Mare Mucenic Gheorghe \u0219i ale Sfintei Mare Muceni\u021be Ecaterina, p\u0103strate \u00een noua Catedrala Episcopal\u0103, dar \u0219i la particele din moa\u0219tele Sf\u00e2ntul Ierarh Ambrozie al Mediolanului.<\/p>\n<p style=\"text-align: justify;\">\u00a0<a href=\"https:\/\/www.giurgiuveanul.ro\/stiri\/wp-content\/uploads\/2017\/12\/IMG_0906.jpg\"><img loading=\"lazy\" decoding=\"async\" class=\"aligncenter size-large wp-image-47751\" src=\"https:\/\/www.giurgiuveanul.ro\/stiri\/wp-content\/uploads\/2017\/12\/IMG_0906-529x450.jpg\" alt=\"IMG_0906\" width=\"529\" height=\"450\" srcset=\"https:\/\/www.giurgiuveanul.ro\/stiri\/wp-content\/uploads\/2017\/12\/IMG_0906-529x450.jpg 529w, https:\/\/www.giurgiuveanul.ro\/stiri\/wp-content\/uploads\/2017\/12\/IMG_0906-250x213.jpg 250w, https:\/\/www.giurgiuveanul.ro\/stiri\/wp-content\/uploads\/2017\/12\/IMG_0906-400x340.jpg 400w, https:\/\/www.giurgiuveanul.ro\/stiri\/wp-content\/uploads\/2017\/12\/IMG_0906.jpg 800w\" sizes=\"auto, (max-width: 529px) 100vw, 529px\" \/><\/a><\/p>\n<p style=\"text-align: justify;\">Tot ast\u0103zi, \u00cent\u00e2ist\u0103t\u0103torul Eparhiei Giurgiului a instalat pe p\u0103rintele Cazan Virgil \u00een postul de preot slujitor la noua Catedral\u0103 Episcopal\u0103, oferindu-i cu acest prilej mai multe daruri.<\/p>\n","protected":false},"excerpt":{"rendered":"<p>Ast\u0103zi, 7 decembrie 2017,<\/p>\n","protected":false},"author":1,"featured_media":0,"comment_status":"open","ping_status":"open","sticky":false,"template":"","format":"standard","meta":{"footnotes":""},"categories":[16],"tags":[],"class_list":["post-47747","post","type-post","status-publish","format-standard","hentry","category-astazi-e-ziua-ta"],"_links":{"self":[{"href":"https:\/\/www.giurgiuveanul.ro\/stiri\/wp-json\/wp\/v2\/posts\/47747","targetHints":{"allow":["GET"]}}],"collection":[{"href":"https:\/\/www.giurgiuveanul.ro\/stiri\/wp-json\/wp\/v2\/posts"}],"about":[{"href":"https:\/\/www.giurgiuveanul.ro\/stiri\/wp-json\/wp\/v2\/types\/post"}],"author":[{"embeddable":true,"href":"https:\/\/www.giurgiuveanul.ro\/stiri\/wp-json\/wp\/v2\/users\/1"}],"replies":[{"embeddable":true,"href":"https:\/\/www.giurgiuveanul.ro\/stiri\/wp-json\/wp\/v2\/comments?post=47747"}],"version-history":[{"count":0,"href":"https:\/\/www.giurgiuveanul.ro\/stiri\/wp-json\/wp\/v2\/posts\/47747\/revisions"}],"wp:attachment":[{"href":"https:\/\/www.giurgiuveanul.ro\/stiri\/wp-json\/wp\/v2\/media?parent=47747"}],"wp:term":[{"taxonomy":"category","embeddable":true,"href":"https:\/\/www.giurgiuveanul.ro\/stiri\/wp-json\/wp\/v2\/categories?post=47747"},{"taxonomy":"post_tag","embeddable":true,"href":"https:\/\/www.giurgiuveanul.ro\/stiri\/wp-json\/wp\/v2\/tags?post=47747"}],"curies":[{"name":"wp","href":"https:\/\/api.w.org\/{rel}","templated":true}]}}