{"id":47858,"date":"2017-12-11T09:43:32","date_gmt":"2017-12-11T07:43:32","guid":{"rendered":"https:\/\/www.giurgiuveanul.ro\/stiri\/?p=47858"},"modified":"2017-12-11T09:43:32","modified_gmt":"2017-12-11T07:43:32","slug":"institutiile-din-giurgiu-vor-arbora-drapelul-in-berna","status":"publish","type":"post","link":"https:\/\/www.giurgiuveanul.ro\/stiri\/institutiile-din-giurgiu-vor-arbora-drapelul-in-berna\/","title":{"rendered":"Institu\u021biile din Giurgiu vor arbora drapelul \u00een bern\u0103"},"content":{"rendered":"<p style=\"text-align: justify;\"><a href=\"https:\/\/www.giurgiuveanul.ro\/stiri\/wp-content\/uploads\/2017\/12\/mare_z5vc94w8430.jpg\"><img loading=\"lazy\" decoding=\"async\" class=\"aligncenter size-large wp-image-47859\" src=\"https:\/\/www.giurgiuveanul.ro\/stiri\/wp-content\/uploads\/2017\/12\/mare_z5vc94w8430-560x343.jpg\" alt=\"mare_z5vc94w8430\" width=\"560\" height=\"343\" srcset=\"https:\/\/www.giurgiuveanul.ro\/stiri\/wp-content\/uploads\/2017\/12\/mare_z5vc94w8430-560x343.jpg 560w, https:\/\/www.giurgiuveanul.ro\/stiri\/wp-content\/uploads\/2017\/12\/mare_z5vc94w8430-250x153.jpg 250w, https:\/\/www.giurgiuveanul.ro\/stiri\/wp-content\/uploads\/2017\/12\/mare_z5vc94w8430-400x245.jpg 400w, https:\/\/www.giurgiuveanul.ro\/stiri\/wp-content\/uploads\/2017\/12\/mare_z5vc94w8430.jpg 600w\" sizes=\"auto, (max-width: 560px) 100vw, 560px\" \/><\/a>Prefectul jude\u021bului Giurgiu a <!--more-->solicitat tuturor structurilor Ministerului Afacerilor Interne, serviciilor publice deconcentrate, autorit\u0103\u021bilor publice locale din jude\u021bul Giurgiu, precum \u0219i Consiliului Jude\u021bean Giurgiu luarea m\u0103surilor care se impun pentru respectarea prevederilor HG nr.870\/2017 privind declararea zilelor de 14, 15 \u0219i 16 decembrie 2017 zile de doliu na\u021bional pe teritoriul Rom\u00e2niei \u00een memoria Majest\u0103\u021bii Sale Regele Mihai al Rom\u00e2niei, \u0219ef al statului rom\u00e2n \u00eentre anii 1927-1930 \u0219i 1940-1947.<\/p>\n<p style=\"text-align: justify;\">\u00cen zilele de doliu na\u021bional, toate institu\u021biile \u0219i autorit\u0103\u021bile publice centrale \u0219i locale vor arbora drapelul Rom\u00e2niei \u00een bern\u0103. <em>\u201eDrapelul Rom\u00e2niei \u00een bern\u0103 va fi arborat la sediile partidelor politice, sindicatelor, patronatelor, institu\u021biilor de \u00eenv\u0103\u021b\u0103m\u00e2nt \u0219i de cultur\u0103, misiunilor diplomatice ale Rom\u00e2niei, la punctele pentru trecerea frontierei, \u00een aeroporturi, porturi, g\u0103ri \u0219i autog\u0103ri, precum \u0219i ca pavilion pe navele de orice fel \u0219i pe ambarca\u021biunile ce navigheaz\u0103 sub pavilion rom\u00e2nesc. Aceea\u0219i obliga\u021bie revine, potrivit legii, \u0219i persoanelor fizice dac\u0103 arboreaz\u0103 drapelul Rom\u00e2niei la domiciliu sau la re\u0219edin\u021b\u0103. Totodat\u0103, posturile de radio \u0219i televiziune, institu\u021biile de cultur\u0103 \u00ee\u0219i vor adapta programul \u00een mod corespunz\u0103tor\u201d<\/em>, spun reprezentan\u021bii Prefecturii Giurgiu.<\/p>\n<p style=\"text-align: justify;\">Guvernul a aprobat \u00een \u0219edin\u021ba de miercuri o hot\u0103r\u00e2re privind stabilirea a trei zile de doliu na\u021bional pentru decesul Regelui Mihai I, \u00een zilele de 14, 15 \u0219i 16 decembrie. Fostul suveran al Rom\u00e2niei Mihai I a murit mar\u021bi, la v\u00e2rsta de 96 de ani, la re\u0219edin\u021ba din Elve\u021bia, anun\u021bul fiind f\u0103cut de Casa Regal\u0103.<\/p>\n","protected":false},"excerpt":{"rendered":"<p>Prefectul jude\u021bului Giurgiu a<\/p>\n","protected":false},"author":1,"featured_media":0,"comment_status":"open","ping_status":"open","sticky":false,"template":"","format":"standard","meta":{"footnotes":""},"categories":[6],"tags":[],"class_list":["post-47858","post","type-post","status-publish","format-standard","hentry","category-breaking-news"],"_links":{"self":[{"href":"https:\/\/www.giurgiuveanul.ro\/stiri\/wp-json\/wp\/v2\/posts\/47858","targetHints":{"allow":["GET"]}}],"collection":[{"href":"https:\/\/www.giurgiuveanul.ro\/stiri\/wp-json\/wp\/v2\/posts"}],"about":[{"href":"https:\/\/www.giurgiuveanul.ro\/stiri\/wp-json\/wp\/v2\/types\/post"}],"author":[{"embeddable":true,"href":"https:\/\/www.giurgiuveanul.ro\/stiri\/wp-json\/wp\/v2\/users\/1"}],"replies":[{"embeddable":true,"href":"https:\/\/www.giurgiuveanul.ro\/stiri\/wp-json\/wp\/v2\/comments?post=47858"}],"version-history":[{"count":0,"href":"https:\/\/www.giurgiuveanul.ro\/stiri\/wp-json\/wp\/v2\/posts\/47858\/revisions"}],"wp:attachment":[{"href":"https:\/\/www.giurgiuveanul.ro\/stiri\/wp-json\/wp\/v2\/media?parent=47858"}],"wp:term":[{"taxonomy":"category","embeddable":true,"href":"https:\/\/www.giurgiuveanul.ro\/stiri\/wp-json\/wp\/v2\/categories?post=47858"},{"taxonomy":"post_tag","embeddable":true,"href":"https:\/\/www.giurgiuveanul.ro\/stiri\/wp-json\/wp\/v2\/tags?post=47858"}],"curies":[{"name":"wp","href":"https:\/\/api.w.org\/{rel}","templated":true}]}}