{"id":47875,"date":"2017-12-11T19:29:19","date_gmt":"2017-12-11T17:29:19","guid":{"rendered":"https:\/\/www.giurgiuveanul.ro\/stiri\/?p=47875"},"modified":"2017-12-11T19:29:19","modified_gmt":"2017-12-11T17:29:19","slug":"accident-rutier-pe-fondul-neadaptarii-vitezei-de-deplasare","status":"publish","type":"post","link":"https:\/\/www.giurgiuveanul.ro\/stiri\/accident-rutier-pe-fondul-neadaptarii-vitezei-de-deplasare\/","title":{"rendered":"Accident rutier&#8230; pe fondul neadapt\u0103rii vitezei de deplasare!"},"content":{"rendered":"<p style=\"text-align: justify;\"><a href=\"https:\/\/www.giurgiuveanul.ro\/stiri\/wp-content\/uploads\/2017\/11\/ambulanta.jpg\"><img loading=\"lazy\" decoding=\"async\" class=\"aligncenter size-large wp-image-46692\" src=\"https:\/\/www.giurgiuveanul.ro\/stiri\/wp-content\/uploads\/2017\/11\/ambulanta-560x343.jpg\" alt=\"ambulanta\" width=\"560\" height=\"343\" srcset=\"https:\/\/www.giurgiuveanul.ro\/stiri\/wp-content\/uploads\/2017\/11\/ambulanta-560x343.jpg 560w, https:\/\/www.giurgiuveanul.ro\/stiri\/wp-content\/uploads\/2017\/11\/ambulanta-250x153.jpg 250w, https:\/\/www.giurgiuveanul.ro\/stiri\/wp-content\/uploads\/2017\/11\/ambulanta-400x245.jpg 400w, https:\/\/www.giurgiuveanul.ro\/stiri\/wp-content\/uploads\/2017\/11\/ambulanta.jpg 620w\" sizes=\"auto, (max-width: 560px) 100vw, 560px\" \/><\/a>Un<!--more--> cet\u0103\u021bean str\u0103in, de 53 ani, \u00een timp ce conducea autoturismul proprietate personal\u0103 pe Drumul Na\u021bional 5B, c\u0103tre Ghimpa\u021bi, la km. 30+900 m., \u00een localitatea Schitu, nu a adaptat viteza de deplasare \u00eentr-o curb\u0103 periculoas\u0103, a pierdut controlul asupra autoturismului \u0219i a p\u0103r\u0103sit partea carosabil\u0103, oprindu-se \u00een \u0219an\u021b.<\/p>\n<p style=\"text-align: justify;\">Din accident a rezultat r\u0103nirea u\u0219oar\u0103 a unui b\u0103rbat de 50 ani, pasager pe locul dreapta spate, care\u00a0 a fost transportat la Spitalul Jude\u021bean de Urgen\u021b\u0103 Giurgiu pentru acordarea de \u00eengrijiri medicale \u0219i efectuarea de investiga\u021bii de specialitate.<\/p>\n<p style=\"text-align: justify;\">Conduc\u0103torul auto a fost testat cu aparatul alcooltest, rezultatul fiind negativ (zero alcool) \u0219i i s-a recoltat o prob\u0103 biologic\u0103 de s\u00e2nge \u00een vederea stabilirii alcoolemiei.<\/p>\n<p style=\"text-align: justify;\">Poli\u021bi\u0219tii au \u00eentocmit \u00een cauz\u0103 un dosar penal \u00een care efectueaz\u0103 cercet\u0103rii pentru comiterea infrac\u021biunii de v\u0103t\u0103mare corporal\u0103 din culp\u0103.<\/p>\n","protected":false},"excerpt":{"rendered":"<p>Un<\/p>\n","protected":false},"author":1,"featured_media":0,"comment_status":"open","ping_status":"open","sticky":false,"template":"","format":"standard","meta":{"footnotes":""},"categories":[6],"tags":[],"class_list":["post-47875","post","type-post","status-publish","format-standard","hentry","category-breaking-news"],"_links":{"self":[{"href":"https:\/\/www.giurgiuveanul.ro\/stiri\/wp-json\/wp\/v2\/posts\/47875","targetHints":{"allow":["GET"]}}],"collection":[{"href":"https:\/\/www.giurgiuveanul.ro\/stiri\/wp-json\/wp\/v2\/posts"}],"about":[{"href":"https:\/\/www.giurgiuveanul.ro\/stiri\/wp-json\/wp\/v2\/types\/post"}],"author":[{"embeddable":true,"href":"https:\/\/www.giurgiuveanul.ro\/stiri\/wp-json\/wp\/v2\/users\/1"}],"replies":[{"embeddable":true,"href":"https:\/\/www.giurgiuveanul.ro\/stiri\/wp-json\/wp\/v2\/comments?post=47875"}],"version-history":[{"count":0,"href":"https:\/\/www.giurgiuveanul.ro\/stiri\/wp-json\/wp\/v2\/posts\/47875\/revisions"}],"wp:attachment":[{"href":"https:\/\/www.giurgiuveanul.ro\/stiri\/wp-json\/wp\/v2\/media?parent=47875"}],"wp:term":[{"taxonomy":"category","embeddable":true,"href":"https:\/\/www.giurgiuveanul.ro\/stiri\/wp-json\/wp\/v2\/categories?post=47875"},{"taxonomy":"post_tag","embeddable":true,"href":"https:\/\/www.giurgiuveanul.ro\/stiri\/wp-json\/wp\/v2\/tags?post=47875"}],"curies":[{"name":"wp","href":"https:\/\/api.w.org\/{rel}","templated":true}]}}