{"id":47888,"date":"2017-12-12T10:32:39","date_gmt":"2017-12-12T08:32:39","guid":{"rendered":"https:\/\/www.giurgiuveanul.ro\/stiri\/?p=47888"},"modified":"2017-12-12T10:48:09","modified_gmt":"2017-12-12T08:48:09","slug":"astazi-este-sfantul-spiridon-facatorul-de-minuni-ce-nu-ai-voie-sa-faci-in-aceasta-zi","status":"publish","type":"post","link":"https:\/\/www.giurgiuveanul.ro\/stiri\/astazi-este-sfantul-spiridon-facatorul-de-minuni-ce-nu-ai-voie-sa-faci-in-aceasta-zi\/","title":{"rendered":"Ast\u0103zi este SF\u00c2NTUL SPIRIDON, f\u0103c\u0103torul de minuni. Ce nu ai voie s\u0103 faci \u00een aceast\u0103 zi"},"content":{"rendered":"<p style=\"text-align: justify;\"><strong><a href=\"https:\/\/www.giurgiuveanul.ro\/stiri\/wp-content\/uploads\/2017\/12\/Sf.-Spiridon.jpg\"><img loading=\"lazy\" decoding=\"async\" class=\"aligncenter size-large wp-image-47889\" src=\"https:\/\/www.giurgiuveanul.ro\/stiri\/wp-content\/uploads\/2017\/12\/Sf.-Spiridon-560x419.jpg\" alt=\"Sf.-Spiridon\" width=\"560\" height=\"419\" srcset=\"https:\/\/www.giurgiuveanul.ro\/stiri\/wp-content\/uploads\/2017\/12\/Sf.-Spiridon-560x419.jpg 560w, https:\/\/www.giurgiuveanul.ro\/stiri\/wp-content\/uploads\/2017\/12\/Sf.-Spiridon-250x187.jpg 250w, https:\/\/www.giurgiuveanul.ro\/stiri\/wp-content\/uploads\/2017\/12\/Sf.-Spiridon-400x299.jpg 400w, https:\/\/www.giurgiuveanul.ro\/stiri\/wp-content\/uploads\/2017\/12\/Sf.-Spiridon.jpg 640w\" sizes=\"auto, (max-width: 560px) 100vw, 560px\" \/><\/a>N\u0103scut \u00een jurul anului <!--more-->270, \u00een localitatea Skia din insula Cipru, pe timpul Sf\u00e2ntului \u00cemp\u0103rat Constantin cel Mare, potrivit\u00a0<a href=\"http:\/\/www.crestinortodox.ro\/sfinti\/spiridon-sfantul-care-paraseste-racla-127690.html\" target=\"_blank\">crestinortodox.ro<\/a>. Pentru via\u021ba sa curat\u0103, Spiridon a fost ales episcop al cet\u0103\u0163ii Trimitunda, din apropierea ora\u015fului Pafos, \u0219i a participat la primul Sinod Ecumenic de la Niceea, \u00een anul 325. <\/strong><\/p>\n<p style=\"text-align: justify;\">Mai \u00eenainte de a fi hirotonit episcop, fiind c\u0103s\u0103torit \u0219i av\u00e2nd o fiic\u0103, Spiridon s-a \u00eendeletnicit cu p\u0103scutul oilor.\u00a0R\u0103m\u00e2n\u00e2nd v\u0103duv \u00eenc\u0103 de t\u00e2n\u0103r, sf\u00e2ntul a continuat s\u0103-\u0219i creasc\u0103 fiic\u0103 de unul singur. Mai t\u00e2rziu, fiica sf\u00e2ntului, Irina, va trece \u0219i ea la cele ve\u0219nice.<\/p>\n<p style=\"text-align: justify;\">Ales episcop, sf\u00e2ntul a trecut de la p\u0103scutul oilor, la \u00eengrijirea cu r\u00e2vn\u0103 oamenilor, nel\u0103s\u00e2ndu-le \u00eens\u0103 nici pe primele. Astfel, smeritul Spiridon a continuat s\u0103 pasc\u0103 oile \u0219i dup\u0103 r\u00e2nduirea lui ca episcop.<\/p>\n<p style=\"text-align: justify;\">Fiind plin de dragoste dumnezeiasc\u0103, sf\u00e2ntul va \u00eembr\u0103\u021bi\u0219a o via\u021b\u0103 ascetic\u0103, cheltuindu-\u0219i \u00eentreaga avere cu \u00eengrijirea bolnavilor \u0219i g\u0103zduirea str\u0103inilor.<\/p>\n<p style=\"text-align: justify;\">\u00cen jurul anului 295, \u00een timpul persecu\u0163iilor duse de \u00eemp\u0103ratul Maximian, Spiridon este arestat \u015fi exilat pentru o perioad\u0103. Sf\u00e2ntul a murit \u00een anul 348, la v\u00e2rsta de 78 de ani, fiind \u00eengropat \u00een Biserica Sfin\u0163ii Apostoli din Trimitunda. \u00cen anul 1453, pentru a p\u0103zi Moa\u015ftele SF\u00c2NTUL SPIRIDON de\u00a0pericolul saracin, ele\u00a0au fost duse \u00een Serbia, iar apoi au fost mutate \u00een insula Corfu din Grecia, unde se afl\u0103 \u015fi \u00een ziua de azi.<\/p>\n<p style=\"text-align: justify;\">Datorit\u0103 minunilor s\u0103v\u00e2r\u015fite \u00een \u00eentreaga lume, a fost denumit \u015fi &#8222;Sf\u00e2ntul c\u0103l\u0103tor&#8221;. Se spune c\u0103 din c\u00e2nd \u00een c\u00e2nd moa\u015ftele sale dispar din biserica din Corfu pentru scurte perioade de timp, iar c\u00e2nd reapar sunt calde \u015fi pr\u0103fuite, iar \u00eenc\u0103l\u0163\u0103rile sunt tocite, av\u00e2nd urme de p\u0103m\u00e2nt \u015fi iarb\u0103.\u00a0Pentru minunatele &#8222;plec\u0103ri&#8221; din racl\u0103 ale Sf\u00e2ntului Spiridon, p\u0103rin\u021bii slujitori la catedrala din Corfu \u00eei schimb\u0103 anual ve\u0219mintele \u0219i \u00eenc\u0103l\u021b\u0103mintea.<\/p>\n<p style=\"text-align: justify;\">Documentele \u015fi legendele r\u0103mase peste timp povestesc despre minunile pe care Sf\u00e2ntul Spiridon le-ar fi f\u0103cut \u00een timpul vie\u0163ii sale. Datorit\u0103 acestor minuni, este considerat ocrotitorul spitalelor \u015fi al persoanelor bolnave, de aceea multe spitale chiar \u00eei poart\u0103 numele.<\/p>\n<p style=\"text-align: justify;\"><strong>Minunile\u00a0SF\u00c2NTULUI SPIRIDON<\/strong><\/p>\n<p style=\"text-align: justify;\">Se poveste\u015fte c\u0103, doar folosindu-se de puterea credin\u0163ei sale, SF\u00c2NTUL SPIRIDON l-a vindecat pe Constantius, fiul lui Constantin cel Mare, de o boal\u0103 f\u0103r\u0103 leac, doar ating\u00e2ndu-l.<\/p>\n<p style=\"text-align: justify;\">Pe fiica sa, Irina, a \u00eenviat-o din mor\u0163i, ca s\u0103-i dest\u0103nuie locul unde ascunsese aceasta un vas de mare pre\u0163 al unei femei, care i-l d\u0103duse spre p\u0103strare.<\/p>\n<p style=\"text-align: justify;\">Se mai spune c\u0103 SF\u00c2NTUL SPIRIDON, fiind \u00eentrebat de p\u0103g\u00e2ni cum crede el c\u0103 Dumnezeu, Fiul \u015fi Sf\u00e2ntul Duh sunt una \u015fi aceea\u015fi fiin\u0163\u0103 nedesp\u0103r\u0163it\u0103, a luat \u00een m\u00e2n\u0103 o c\u0103r\u0103mid\u0103, a str\u00e2ns\u2011o \u015fi a ie\u015fit fum \u00een sus, jos a curs ap\u0103, iar p\u0103m\u00e2ntul i\u2011a r\u0103mas \u00een m\u00e2n\u0103. Dup\u0103 cum c\u0103r\u0103mida e f\u0103cut\u0103 din foc, ap\u0103 \u015fi p\u0103m\u00e2nt, ce alc\u0103tuiesc unul \u015fi acela\u015fi lucru, a\u015fa \u015fi Dumnezeu e ar\u0103tat prin cele trei fe\u0163e ale sale,\u00a0Tat\u0103l, Fiul \u015fi Sf\u00e2ntul Duh.<\/p>\n<p style=\"text-align: justify;\"><strong>Ce nu trebuie s\u0103 faci de\u00a0SF\u00c2NTUL SPIRIDON<\/strong><\/p>\n<p style=\"text-align: justify;\">Pentru s\u0103n\u0103tatea \u00eentregii familii, pentru c\u00e2\u015ftig \u015fi pentru spor \u00een cas\u0103, \u00een ziua praznicului SF\u00c2NTULUI SPIRIDON nu se presteaz\u0103 munci \u00een gospod\u0103rie: nu se coase, nu se spal\u0103 rufe \u015fi gospodinele nu fac cur\u0103\u0163enie; \u00een mediul rural nu se \u00eenjug\u0103 vitele pentru c\u0103 este r\u0103u de pagub\u0103.<\/p>\n<p style=\"text-align: justify;\">De asemenea, \u00een aceast\u0103 zi sf\u00e2nt\u0103 animalelor de trac\u0163iune li se d\u0103 s\u0103 m\u0103n\u00e2nce f\u00e2nul din m\u00e2n\u0103.<\/p>\n<p style=\"text-align: justify;\"><strong>Ce rug\u0103ciune trebuie spus\u0103 de\u00a0SF\u00c2NTUL SPIRIDON<\/strong><\/p>\n<p style=\"text-align: justify;\"><strong>\u00a0<\/strong>Prin tradi\u0163ie, SF\u00c2NTUL SPIRIDON este patronul cizmarilor, al cojocarilor \u015fi olarilor, care-l cinstesc prin petreceri \u015fi prin voie bun\u0103, f\u0103r\u0103 excese bahice.<br \/>\n\u00cen amintirea acestei minuni periodice, \u00een Acatistul Sf\u00e2ntului Spiridon, \u00een icosul al \u0219aselea, ne rug\u0103m acestuia, zic\u00e2nd: <em>&#8222;Bucur\u0103-te, cel ce e\u0219ti cu \u00eengerii slujitor; Bucur\u0103-te, c\u0103 e\u0219ti \u0219i cu oamenii cu trupul petrec\u0103tor; Bucur\u0103-te, al c\u0103rui trup ast\u0103zi s\u0103v\u00e2r\u0219e\u0219te minuni; Bucur\u0103-te, c\u0103 \u00eenc\u0103l\u021b\u0103mintele tale slujesc drept dovad\u0103&#8221;.<\/em><\/p>\n<p style=\"text-align: justify;\"><a href=\"https:\/\/www.giurgiuveanul.ro\/stiri\/wp-content\/uploads\/2017\/12\/sfantul-spiridon-calator-minuni-759x450.jpg\"><img loading=\"lazy\" decoding=\"async\" class=\"aligncenter size-large wp-image-47891\" src=\"https:\/\/www.giurgiuveanul.ro\/stiri\/wp-content\/uploads\/2017\/12\/sfantul-spiridon-calator-minuni-759x450-560x332.jpg\" alt=\"sfantul-spiridon-calator-minuni-759x450\" width=\"560\" height=\"332\" srcset=\"https:\/\/www.giurgiuveanul.ro\/stiri\/wp-content\/uploads\/2017\/12\/sfantul-spiridon-calator-minuni-759x450-560x332.jpg 560w, https:\/\/www.giurgiuveanul.ro\/stiri\/wp-content\/uploads\/2017\/12\/sfantul-spiridon-calator-minuni-759x450-250x148.jpg 250w, https:\/\/www.giurgiuveanul.ro\/stiri\/wp-content\/uploads\/2017\/12\/sfantul-spiridon-calator-minuni-759x450-400x237.jpg 400w, https:\/\/www.giurgiuveanul.ro\/stiri\/wp-content\/uploads\/2017\/12\/sfantul-spiridon-calator-minuni-759x450.jpg 759w\" sizes=\"auto, (max-width: 560px) 100vw, 560px\" \/><\/a><\/p>\n","protected":false},"excerpt":{"rendered":"<p>N\u0103scut \u00een jurul anului<\/p>\n","protected":false},"author":1,"featured_media":0,"comment_status":"open","ping_status":"open","sticky":false,"template":"","format":"standard","meta":{"footnotes":""},"categories":[6],"tags":[],"class_list":["post-47888","post","type-post","status-publish","format-standard","hentry","category-breaking-news"],"_links":{"self":[{"href":"https:\/\/www.giurgiuveanul.ro\/stiri\/wp-json\/wp\/v2\/posts\/47888","targetHints":{"allow":["GET"]}}],"collection":[{"href":"https:\/\/www.giurgiuveanul.ro\/stiri\/wp-json\/wp\/v2\/posts"}],"about":[{"href":"https:\/\/www.giurgiuveanul.ro\/stiri\/wp-json\/wp\/v2\/types\/post"}],"author":[{"embeddable":true,"href":"https:\/\/www.giurgiuveanul.ro\/stiri\/wp-json\/wp\/v2\/users\/1"}],"replies":[{"embeddable":true,"href":"https:\/\/www.giurgiuveanul.ro\/stiri\/wp-json\/wp\/v2\/comments?post=47888"}],"version-history":[{"count":0,"href":"https:\/\/www.giurgiuveanul.ro\/stiri\/wp-json\/wp\/v2\/posts\/47888\/revisions"}],"wp:attachment":[{"href":"https:\/\/www.giurgiuveanul.ro\/stiri\/wp-json\/wp\/v2\/media?parent=47888"}],"wp:term":[{"taxonomy":"category","embeddable":true,"href":"https:\/\/www.giurgiuveanul.ro\/stiri\/wp-json\/wp\/v2\/categories?post=47888"},{"taxonomy":"post_tag","embeddable":true,"href":"https:\/\/www.giurgiuveanul.ro\/stiri\/wp-json\/wp\/v2\/tags?post=47888"}],"curies":[{"name":"wp","href":"https:\/\/api.w.org\/{rel}","templated":true}]}}