{"id":47893,"date":"2017-12-12T12:22:27","date_gmt":"2017-12-12T10:22:27","guid":{"rendered":"https:\/\/www.giurgiuveanul.ro\/stiri\/?p=47893"},"modified":"2017-12-12T12:22:27","modified_gmt":"2017-12-12T10:22:27","slug":"patru-cetateni-sirieni-ascunsi-intr-un-camion-printre-textile-descoperiti-la-p-t-f-giurgiu","status":"publish","type":"post","link":"https:\/\/www.giurgiuveanul.ro\/stiri\/patru-cetateni-sirieni-ascunsi-intr-un-camion-printre-textile-descoperiti-la-p-t-f-giurgiu\/","title":{"rendered":"Patru cet\u0103\u021beni sirieni ascun\u0219i \u00eentr-un camion, printre textile, descoperi\u021bi la P.T.F. Giurgiu"},"content":{"rendered":"<p style=\"text-align: justify;\"><strong><a href=\"https:\/\/www.giurgiuveanul.ro\/stiri\/wp-content\/uploads\/2017\/12\/1513068586203-1773-S4.jpg\"><img loading=\"lazy\" decoding=\"async\" class=\"aligncenter size-large wp-image-47894\" src=\"https:\/\/www.giurgiuveanul.ro\/stiri\/wp-content\/uploads\/2017\/12\/1513068586203-1773-S4-560x336.jpg\" alt=\"1513068586203-1773-S4\" width=\"560\" height=\"336\" srcset=\"https:\/\/www.giurgiuveanul.ro\/stiri\/wp-content\/uploads\/2017\/12\/1513068586203-1773-S4-560x336.jpg 560w, https:\/\/www.giurgiuveanul.ro\/stiri\/wp-content\/uploads\/2017\/12\/1513068586203-1773-S4-250x150.jpg 250w, https:\/\/www.giurgiuveanul.ro\/stiri\/wp-content\/uploads\/2017\/12\/1513068586203-1773-S4-400x240.jpg 400w, https:\/\/www.giurgiuveanul.ro\/stiri\/wp-content\/uploads\/2017\/12\/1513068586203-1773-S4.jpg 1200w\" sizes=\"auto, (max-width: 560px) 100vw, 560px\" \/><\/a>Poli\u0163i\u015ftii de frontier\u0103 giurgiuveni <!--more-->au descoperit, ascun\u015fi \u00een compartimentul marf\u0103 al unui camion condus de un cet\u0103\u0163ean turc, patru cet\u0103\u0163eni sirieni care inten\u0163ionau s\u0103 intre ilegal \u00een \u021bar\u0103.<\/strong><\/p>\n<p style=\"text-align: justify;\">\u00cen data de 12.12.2017, ora 00.40, la Punctul de Trecere a Frontierei Giurgiu s-a prezentat, pe sensul de intrare \u00een \u0163ar\u0103, cet\u0103\u0163eanul turc H.M., \u00een v\u00e2rst\u0103 de 57 ani, la volanul unui autocamion \u00eenmatriculat \u00een Turcia. \u015eoferul transporta, conform documentelor de \u00eenso\u0163ire a m\u0103rfii, textile din Turcia pentru o societate din Rom\u00e2nia.<\/p>\n<p style=\"text-align: justify;\">Cu ocazia controlului specific, poli\u0163i\u015ftii de frontier\u0103 au efectuat verific\u0103ri asupra camionului cu aparatura din dotare, care a indicat un nivel ridicat de CO2 in remorca mijlocului de transport. Av\u00e2nd suspiciuni cu privire la prezen\u0163a unor persoane in autocamion, s-a solicitat sprijinul lucr\u0103torilor vamali pentru desigilarea compartimentului marfa. Astfel, in interiorul acestuia au fost descoperite ascunse patru persoane, doi adul\u021bi de sex masculin \u0219i doi copii, care nu aveau documente de identitate asupra lor.<\/p>\n<p style=\"text-align: justify;\"><a href=\"https:\/\/www.giurgiuveanul.ro\/stiri\/wp-content\/uploads\/2017\/12\/1513068587291-1772-S4.jpg\"><img loading=\"lazy\" decoding=\"async\" class=\"aligncenter size-large wp-image-47895\" src=\"https:\/\/www.giurgiuveanul.ro\/stiri\/wp-content\/uploads\/2017\/12\/1513068587291-1772-S4-560x336.jpg\" alt=\"1513068587291-1772-S4\" width=\"560\" height=\"336\" srcset=\"https:\/\/www.giurgiuveanul.ro\/stiri\/wp-content\/uploads\/2017\/12\/1513068587291-1772-S4-560x336.jpg 560w, https:\/\/www.giurgiuveanul.ro\/stiri\/wp-content\/uploads\/2017\/12\/1513068587291-1772-S4-250x150.jpg 250w, https:\/\/www.giurgiuveanul.ro\/stiri\/wp-content\/uploads\/2017\/12\/1513068587291-1772-S4-400x240.jpg 400w, https:\/\/www.giurgiuveanul.ro\/stiri\/wp-content\/uploads\/2017\/12\/1513068587291-1772-S4.jpg 1200w\" sizes=\"auto, (max-width: 560px) 100vw, 560px\" \/><\/a><\/p>\n<p style=\"text-align: justify;\">La cercet\u0103ri, cele patru persoane au declarat c\u0103 sunt cet\u0103\u0163eni sirieni \u0219i au fost urcate \u00een camion pe teritoriul Turciei, pe u\u0219ile din spate ale semiremorcii, dup\u0103 ce au fost demontate balamalele acestora.<\/p>\n<p style=\"text-align: justify;\">\u0218oferul a declarat c\u0103 nu are cuno\u0219tin\u021b\u0103 despre faptul c\u0103 cele patru persoane se aflau \u00een camion.<\/p>\n<p style=\"text-align: justify;\">Poli\u0163i\u015ftii de frontier\u0103 au procedat la \u00eentreruperea c\u0103l\u0103toriei persoanelor \u00een cauz\u0103, iar conform protocolului rom\u00e2no \u2013 bulgar camionul, \u015foferul turc \u015fi cei patru sirieni au fost preda\u0163i Poli\u0163iei de Frontier\u0103 Bulgare \u00een vederea continu\u0103rii cercet\u0103rilor \u015fi dispunerii m\u0103surilor legale ce se impun.<\/p>\n","protected":false},"excerpt":{"rendered":"<p>Poli\u0163i\u015ftii de frontier\u0103 giurgiuveni<\/p>\n","protected":false},"author":1,"featured_media":0,"comment_status":"open","ping_status":"open","sticky":false,"template":"","format":"standard","meta":{"footnotes":""},"categories":[6],"tags":[],"class_list":["post-47893","post","type-post","status-publish","format-standard","hentry","category-breaking-news"],"_links":{"self":[{"href":"https:\/\/www.giurgiuveanul.ro\/stiri\/wp-json\/wp\/v2\/posts\/47893","targetHints":{"allow":["GET"]}}],"collection":[{"href":"https:\/\/www.giurgiuveanul.ro\/stiri\/wp-json\/wp\/v2\/posts"}],"about":[{"href":"https:\/\/www.giurgiuveanul.ro\/stiri\/wp-json\/wp\/v2\/types\/post"}],"author":[{"embeddable":true,"href":"https:\/\/www.giurgiuveanul.ro\/stiri\/wp-json\/wp\/v2\/users\/1"}],"replies":[{"embeddable":true,"href":"https:\/\/www.giurgiuveanul.ro\/stiri\/wp-json\/wp\/v2\/comments?post=47893"}],"version-history":[{"count":0,"href":"https:\/\/www.giurgiuveanul.ro\/stiri\/wp-json\/wp\/v2\/posts\/47893\/revisions"}],"wp:attachment":[{"href":"https:\/\/www.giurgiuveanul.ro\/stiri\/wp-json\/wp\/v2\/media?parent=47893"}],"wp:term":[{"taxonomy":"category","embeddable":true,"href":"https:\/\/www.giurgiuveanul.ro\/stiri\/wp-json\/wp\/v2\/categories?post=47893"},{"taxonomy":"post_tag","embeddable":true,"href":"https:\/\/www.giurgiuveanul.ro\/stiri\/wp-json\/wp\/v2\/tags?post=47893"}],"curies":[{"name":"wp","href":"https:\/\/api.w.org\/{rel}","templated":true}]}}