{"id":47903,"date":"2017-12-12T18:16:22","date_gmt":"2017-12-12T16:16:22","guid":{"rendered":"https:\/\/www.giurgiuveanul.ro\/stiri\/?p=47903"},"modified":"2017-12-12T18:16:22","modified_gmt":"2017-12-12T16:16:22","slug":"cercetat-de-politisti-pentru-furt-dupa-ce-sustras-bunuri-in-valoare-de-12996-lei-dintr-un-magazin","status":"publish","type":"post","link":"https:\/\/www.giurgiuveanul.ro\/stiri\/cercetat-de-politisti-pentru-furt-dupa-ce-sustras-bunuri-in-valoare-de-12996-lei-dintr-un-magazin\/","title":{"rendered":"Cercetat de poli\u0163i\u015fti pentru furt, dup\u0103 ce a sustras bunuri \u00een valoare de 129,96 lei dintr-un magazin"},"content":{"rendered":"<p style=\"text-align: justify;\"><strong><a href=\"https:\/\/www.giurgiuveanul.ro\/stiri\/wp-content\/uploads\/2017\/12\/1383552853d2fc289b.jpg\"><img loading=\"lazy\" decoding=\"async\" class=\"aligncenter size-large wp-image-47904\" src=\"https:\/\/www.giurgiuveanul.ro\/stiri\/wp-content\/uploads\/2017\/12\/1383552853d2fc289b-560x420.jpg\" alt=\"Supermarketul Trident a fost inaugurat, luni. la Deva\" width=\"560\" height=\"420\" srcset=\"https:\/\/www.giurgiuveanul.ro\/stiri\/wp-content\/uploads\/2017\/12\/1383552853d2fc289b-560x420.jpg 560w, https:\/\/www.giurgiuveanul.ro\/stiri\/wp-content\/uploads\/2017\/12\/1383552853d2fc289b-250x188.jpg 250w, https:\/\/www.giurgiuveanul.ro\/stiri\/wp-content\/uploads\/2017\/12\/1383552853d2fc289b-400x300.jpg 400w, https:\/\/www.giurgiuveanul.ro\/stiri\/wp-content\/uploads\/2017\/12\/1383552853d2fc289b.jpg 600w\" sizes=\"auto, (max-width: 560px) 100vw, 560px\" \/><\/a>Un\u00a0<!--more-->b\u0103rbat este cercetat de poli\u021bi\u0219ti dup\u0103 ce a sustras mai multe bunuri din magazinul unei societ\u0103\u021bi comerciale din municipiul Giurgiu.<\/strong><\/p>\n<p style=\"text-align: justify;\">Poli\u021bi\u0219tii din cadrul Biroului de Ordine Public\u0103 pentru Mediul Urban de la Poli\u021bia Municipiului Giurgiu au fost sesiza\u021bi luni, 11 decembrie a.c., cu privire la faptul c\u0103 un t\u00e2n\u0103r \u00een v\u00e2rst\u0103 de 31 ani, din comuna Fr\u0103te\u0219ti, a sustras mai multe bunuri nealimentare din magazinul unei societ\u0103\u021bi comerciale din Giurgiu.<\/p>\n<p style=\"text-align: justify;\">Bunurile sustrase, \u00een valoare total\u0103 de <strong>129,96 lei<\/strong>, au fost recuperate \u0219i predate reprezentan\u021bilor societ\u0103\u021bii comerciale.<\/p>\n<p style=\"text-align: justify;\">Poli\u021bi\u0219tii Biroului de Investiga\u021bii Criminale au \u00eentocmit un dosar penal \u00een care continu\u0103 cercet\u0103rile sub aspectul comiterii infrac\u021biunii de furt.<\/p>\n","protected":false},"excerpt":{"rendered":"<p>Un\u00a0<\/p>\n","protected":false},"author":1,"featured_media":0,"comment_status":"open","ping_status":"open","sticky":false,"template":"","format":"standard","meta":{"footnotes":""},"categories":[6],"tags":[],"class_list":["post-47903","post","type-post","status-publish","format-standard","hentry","category-breaking-news"],"_links":{"self":[{"href":"https:\/\/www.giurgiuveanul.ro\/stiri\/wp-json\/wp\/v2\/posts\/47903","targetHints":{"allow":["GET"]}}],"collection":[{"href":"https:\/\/www.giurgiuveanul.ro\/stiri\/wp-json\/wp\/v2\/posts"}],"about":[{"href":"https:\/\/www.giurgiuveanul.ro\/stiri\/wp-json\/wp\/v2\/types\/post"}],"author":[{"embeddable":true,"href":"https:\/\/www.giurgiuveanul.ro\/stiri\/wp-json\/wp\/v2\/users\/1"}],"replies":[{"embeddable":true,"href":"https:\/\/www.giurgiuveanul.ro\/stiri\/wp-json\/wp\/v2\/comments?post=47903"}],"version-history":[{"count":0,"href":"https:\/\/www.giurgiuveanul.ro\/stiri\/wp-json\/wp\/v2\/posts\/47903\/revisions"}],"wp:attachment":[{"href":"https:\/\/www.giurgiuveanul.ro\/stiri\/wp-json\/wp\/v2\/media?parent=47903"}],"wp:term":[{"taxonomy":"category","embeddable":true,"href":"https:\/\/www.giurgiuveanul.ro\/stiri\/wp-json\/wp\/v2\/categories?post=47903"},{"taxonomy":"post_tag","embeddable":true,"href":"https:\/\/www.giurgiuveanul.ro\/stiri\/wp-json\/wp\/v2\/tags?post=47903"}],"curies":[{"name":"wp","href":"https:\/\/api.w.org\/{rel}","templated":true}]}}