{"id":47912,"date":"2017-12-13T09:39:27","date_gmt":"2017-12-13T07:39:27","guid":{"rendered":"https:\/\/www.giurgiuveanul.ro\/stiri\/?p=47912"},"modified":"2017-12-13T09:39:27","modified_gmt":"2017-12-13T07:39:27","slug":"tarifele-de-distributie-energiei-electrice-vor-scadea-anul-viitor","status":"publish","type":"post","link":"https:\/\/www.giurgiuveanul.ro\/stiri\/tarifele-de-distributie-energiei-electrice-vor-scadea-anul-viitor\/","title":{"rendered":"Tarifele de distribu\u0163ie a energiei electrice vor sc\u0103dea anul viitor!"},"content":{"rendered":"<p style=\"text-align: justify;\"><strong><a href=\"https:\/\/www.giurgiuveanul.ro\/stiri\/wp-content\/uploads\/2017\/12\/contor_electric_5678987654_81216100.jpg\"><img loading=\"lazy\" decoding=\"async\" class=\"aligncenter size-large wp-image-47913\" src=\"https:\/\/www.giurgiuveanul.ro\/stiri\/wp-content\/uploads\/2017\/12\/contor_electric_5678987654_81216100-560x318.jpg\" alt=\"contor_electric_5678987654_81216100\" width=\"560\" height=\"318\" srcset=\"https:\/\/www.giurgiuveanul.ro\/stiri\/wp-content\/uploads\/2017\/12\/contor_electric_5678987654_81216100-560x318.jpg 560w, https:\/\/www.giurgiuveanul.ro\/stiri\/wp-content\/uploads\/2017\/12\/contor_electric_5678987654_81216100-250x142.jpg 250w, https:\/\/www.giurgiuveanul.ro\/stiri\/wp-content\/uploads\/2017\/12\/contor_electric_5678987654_81216100-400x227.jpg 400w\" sizes=\"auto, (max-width: 560px) 100vw, 560px\" \/><\/a>ANRE <!--more-->a aprobat \u00een \u015fedin\u0163a de mar\u0163i tarifele specifice pentru serviciul de distribu\u0163ie a energiei electrice \u015fi pre\u0163ul pentru energia electric\u0103 reactiv\u0103 la operatorii de distribu\u0163ie concesionari pentru anul 2018, acestea fiind, \u00een medie, mai mici cu 1,08% fa\u0163\u0103 de 2017.<\/strong><\/p>\n<p style=\"text-align: justify;\"><em>\u201eOperatorii de distribu\u0163ie concesionari au solicitat pentru anul 2018 cre\u015fterea medie a tarifelor de distribu\u0163ie cu 9,78%, comparativ cu tarifele aprobate pentru anul 2017. Ca urmare a analizei efectuate de c\u0103tre ANRE pe datele transmise de operatorii de distribu\u0163ie concesionari \u015fi a calculelor veniturilor reglementate, cu luarea \u00een considerare a corec\u0163iilor anuale efectuate conform cadrului de reglementare \u00een vigoare, tarifele aprobate pentru anul 2018 \u00eenregistreaz\u0103, fa\u0163\u0103 de anul 2017, o sc\u0103dere medie de 1,08% la nivelul \u00eentregii \u0163\u0103ri, pentru cei opt operatori de distribu\u0163ie concesionari\u201d<\/em>, se men\u0163ioneaz\u0103 \u00eentr-un comunicat al ANRE.<\/p>\n<p style=\"text-align: justify;\">Pe de alt\u0103 parte, licita\u0163iile pentru trimestrul I din anul 2018 de pe Pia\u0163a Centralizat\u0103 pentru Serviciul Universal (PCSU) s-au finalizat mar\u0163i, iar OPCOM a publicat pre\u0163urile de \u00eenchidere.<\/p>\n<p style=\"text-align: justify;\">Astfel, pentru energia livrat\u0103 \u00een band\u0103, \u00eentre orele 1:00 \u2013 24:00, pre\u0163ul va fi de 245 de lei pe MWh, cu 6,5% mai mare dec\u00e2t \u00een trimestrul patru din acest an.<\/p>\n<p style=\"text-align: justify;\">Pre\u0163ul pentru intervalul orar 8:00 \u2013 24:00 va fi de 272 lei pe MWh, cu 7% mai mare, iar pentru v\u00e2rf de consum, adic\u0103 \u00eentre orele 18:00 \u015fi 22:00, pre\u0163ul va fi de 302 lei pe MWh, \u00een cre\u015ftere cu 13%.<\/p>\n","protected":false},"excerpt":{"rendered":"<p>ANRE<\/p>\n","protected":false},"author":1,"featured_media":0,"comment_status":"open","ping_status":"open","sticky":false,"template":"","format":"standard","meta":{"footnotes":""},"categories":[6],"tags":[],"class_list":["post-47912","post","type-post","status-publish","format-standard","hentry","category-breaking-news"],"_links":{"self":[{"href":"https:\/\/www.giurgiuveanul.ro\/stiri\/wp-json\/wp\/v2\/posts\/47912","targetHints":{"allow":["GET"]}}],"collection":[{"href":"https:\/\/www.giurgiuveanul.ro\/stiri\/wp-json\/wp\/v2\/posts"}],"about":[{"href":"https:\/\/www.giurgiuveanul.ro\/stiri\/wp-json\/wp\/v2\/types\/post"}],"author":[{"embeddable":true,"href":"https:\/\/www.giurgiuveanul.ro\/stiri\/wp-json\/wp\/v2\/users\/1"}],"replies":[{"embeddable":true,"href":"https:\/\/www.giurgiuveanul.ro\/stiri\/wp-json\/wp\/v2\/comments?post=47912"}],"version-history":[{"count":0,"href":"https:\/\/www.giurgiuveanul.ro\/stiri\/wp-json\/wp\/v2\/posts\/47912\/revisions"}],"wp:attachment":[{"href":"https:\/\/www.giurgiuveanul.ro\/stiri\/wp-json\/wp\/v2\/media?parent=47912"}],"wp:term":[{"taxonomy":"category","embeddable":true,"href":"https:\/\/www.giurgiuveanul.ro\/stiri\/wp-json\/wp\/v2\/categories?post=47912"},{"taxonomy":"post_tag","embeddable":true,"href":"https:\/\/www.giurgiuveanul.ro\/stiri\/wp-json\/wp\/v2\/tags?post=47912"}],"curies":[{"name":"wp","href":"https:\/\/api.w.org\/{rel}","templated":true}]}}