{"id":47923,"date":"2017-12-13T16:12:09","date_gmt":"2017-12-13T14:12:09","guid":{"rendered":"https:\/\/www.giurgiuveanul.ro\/stiri\/?p=47923"},"modified":"2017-12-13T16:13:32","modified_gmt":"2017-12-13T14:13:32","slug":"retinut-pentru-furtul-unui-autoturism-si-conducerea-acestuia-pe-drumurile-publice-fara-permis","status":"publish","type":"post","link":"https:\/\/www.giurgiuveanul.ro\/stiri\/retinut-pentru-furtul-unui-autoturism-si-conducerea-acestuia-pe-drumurile-publice-fara-permis\/","title":{"rendered":"Re\u021binut pentru furtul unui autoturism \u0219i conducerea acestuia pe drumurile publice f\u0103r\u0103 permis"},"content":{"rendered":"<p style=\"text-align: justify;\"><strong><a href=\"https:\/\/www.giurgiuveanul.ro\/stiri\/wp-content\/uploads\/2017\/12\/catuse1_24297000.jpg\"><img loading=\"lazy\" decoding=\"async\" class=\"aligncenter size-large wp-image-47927\" src=\"https:\/\/www.giurgiuveanul.ro\/stiri\/wp-content\/uploads\/2017\/12\/catuse1_24297000-560x314.jpg\" alt=\"catuse1_24297000\" width=\"560\" height=\"314\" srcset=\"https:\/\/www.giurgiuveanul.ro\/stiri\/wp-content\/uploads\/2017\/12\/catuse1_24297000-560x314.jpg 560w, https:\/\/www.giurgiuveanul.ro\/stiri\/wp-content\/uploads\/2017\/12\/catuse1_24297000-250x140.jpg 250w, https:\/\/www.giurgiuveanul.ro\/stiri\/wp-content\/uploads\/2017\/12\/catuse1_24297000-400x225.jpg 400w, https:\/\/www.giurgiuveanul.ro\/stiri\/wp-content\/uploads\/2017\/12\/catuse1_24297000.jpg 620w\" sizes=\"auto, (max-width: 560px) 100vw, 560px\" \/><\/a>Un b\u0103rbat de 40 ani, <!--more-->din ora\u0219ul Zimnicea, a fost re\u021binut \u0219i este cercetat pentru furt calificat \u0219i conducerea unui vehicul f\u0103r\u0103 permis de conducere, dup\u0103 ce a sustras autoturismul unui cunoscut.<\/strong><\/p>\n<p style=\"text-align: justify;\">Mar\u021bi, 12 decembrie a.c., \u00een jurul orei 03.00, poli\u021bi\u0219tii au fost sesiza\u021bi de un b\u0103rbat din comuna Aduna\u021bii Cop\u0103ceni, jude\u021bul Giurgiu, cu privire la faptul c\u0103 din curtea locuin\u021bei i-a fost sustras autoturismul proprietate personal\u0103.<\/p>\n<p style=\"text-align: justify;\">\u00cen urma activit\u0103\u021bilor specifice desf\u0103\u0219urate de poli\u021bi\u0219tii Sec\u021biei nr. 1 de Poli\u021bie Rural\u0103 C\u0103lug\u0103reni pe raza de competen\u021b\u0103, pe o strad\u0103 din comuna Aduna\u021bii Cop\u0103ceni, a fost identificat \u00een scurt timp autoturismul semnalat, abandonat pe partea carosabil\u0103. Totodat\u0103 pe aceea\u0219i strad\u0103 a fost depistat\u0103 o persoan\u0103 de sex masculin care la vederea organelor de poli\u021bie a \u00eencercat s\u0103 evite \u00eent\u00e2lnirea cu ace\u0219tia, fapt pentru care s-a procedat la legitimarea acesteia \u0219i efectuarea unui control corporal, ocazie cu care, asupra sa a fost g\u0103sit\u0103 cheia autoturismului\u00a0 sustras.<\/p>\n<p style=\"text-align: justify;\">B\u0103rbatul depistat a fost condus la sediul poli\u021biei, ocazie cu care s-a stabilit c\u0103 acesta fusese g\u0103zduit pe timpul nop\u021bii de apelant, c\u0103ruia i-a sustras ulterior autoturismul, cu inten\u021bia de a se deplasa pe raza municipiului Bucure\u0219ti.<\/p>\n<p style=\"text-align: justify;\">B\u0103rbatul a fost re\u021binut pe o perioad\u0103 de 24 ore \u0219i introdus \u00een Centrul de Re\u021binere \u0219i Arest Preventiv al I.P.J. Giurgiu, urm\u00e2nd ca \u00een data de 13.12.2017 s\u0103 fie prezentat la Judec\u0103toria Giurgiu cu propunere de arestare preventiv\u0103.<\/p>\n<p style=\"text-align: justify;\">\u00cen cauz\u0103 a fost \u00eentocmit un dosar penal \u00een care poli\u021bi\u0219tii efectueaz\u0103 cercet\u0103ri sub aspectul s\u0103v\u00e2r\u0219irii infrac\u021biunilor de furt calificat \u0219i conducerea unui vehicul f\u0103r\u0103 permis de conducere.<\/p>\n","protected":false},"excerpt":{"rendered":"<p>Un b\u0103rbat de 40 ani,<\/p>\n","protected":false},"author":1,"featured_media":0,"comment_status":"open","ping_status":"open","sticky":false,"template":"","format":"standard","meta":{"footnotes":""},"categories":[6],"tags":[],"class_list":["post-47923","post","type-post","status-publish","format-standard","hentry","category-breaking-news"],"_links":{"self":[{"href":"https:\/\/www.giurgiuveanul.ro\/stiri\/wp-json\/wp\/v2\/posts\/47923","targetHints":{"allow":["GET"]}}],"collection":[{"href":"https:\/\/www.giurgiuveanul.ro\/stiri\/wp-json\/wp\/v2\/posts"}],"about":[{"href":"https:\/\/www.giurgiuveanul.ro\/stiri\/wp-json\/wp\/v2\/types\/post"}],"author":[{"embeddable":true,"href":"https:\/\/www.giurgiuveanul.ro\/stiri\/wp-json\/wp\/v2\/users\/1"}],"replies":[{"embeddable":true,"href":"https:\/\/www.giurgiuveanul.ro\/stiri\/wp-json\/wp\/v2\/comments?post=47923"}],"version-history":[{"count":0,"href":"https:\/\/www.giurgiuveanul.ro\/stiri\/wp-json\/wp\/v2\/posts\/47923\/revisions"}],"wp:attachment":[{"href":"https:\/\/www.giurgiuveanul.ro\/stiri\/wp-json\/wp\/v2\/media?parent=47923"}],"wp:term":[{"taxonomy":"category","embeddable":true,"href":"https:\/\/www.giurgiuveanul.ro\/stiri\/wp-json\/wp\/v2\/categories?post=47923"},{"taxonomy":"post_tag","embeddable":true,"href":"https:\/\/www.giurgiuveanul.ro\/stiri\/wp-json\/wp\/v2\/tags?post=47923"}],"curies":[{"name":"wp","href":"https:\/\/api.w.org\/{rel}","templated":true}]}}